{"id":7961,"date":"2024-07-10T21:31:55","date_gmt":"2024-07-11T00:31:55","guid":{"rendered":"https:\/\/enlamira.info\/?p=7961"},"modified":"2024-07-10T21:44:57","modified_gmt":"2024-07-11T00:44:57","slug":"politica-de-cielos-abiertos-un-gremio-aeronautico-amenazo-con-cancelaciones-de-vuelos","status":"publish","type":"post","link":"https:\/\/enlamira.info\/index.php\/2024\/07\/10\/politica-de-cielos-abiertos-un-gremio-aeronautico-amenazo-con-cancelaciones-de-vuelos\/","title":{"rendered":"Pol\u00edtica de cielos abiertos: un gremio aeron\u00e1utico amenaz\u00f3 con cancelaciones de vuelos"},"content":{"rendered":"\n<p>La medida de fuerza se da en medio de la temporada de vacaciones de invierno y afectar\u00e1 los vuelos de cabotaje e internacionales. Es en reclamo de una mejora salarial.<\/p>\n\n\n\n<p>En el mismo d\u00eda en que el Gobierno habilita el proceso de desregulaci\u00f3n del mercado aerocomercial como parte de su proceso de apertura econ\u00f3mica, desde la\u00a0Asociaci\u00f3n de Pilotos de L\u00edneas A\u00e9reas\u00a0(APLA) anunci\u00f3 que tomar\u00e1 medidas de fuerza el pr\u00f3ximo viernes en reclamo de una mejora salarial y contra la pol\u00edtica de cielos abiertos.<\/p>\n\n\n\n<p>\u201cEst\u00e1n confirmadas las Asambleas el viernes a la ma\u00f1ana en Aeroparque y a la noche en Ezeiza, que posiblemente terminen con cancelaci\u00f3n de vuelos\u201d, indic\u00f3 el secretario de prensa de APLA,\u00a0Juan Pablo Mazzieri, en declaraciones radiales.<\/p>\n\n\n\n<p>Adem\u00e1s, el gremio denunci\u00f3 que la empresa cancel\u00f3 la reuni\u00f3n en el marco de las negociaciones paritarias que ten\u00edan pautadas ayer con el objetivo de tratar la recomposici\u00f3n salarial.<\/p>\n\n\n\n<p>\u201cLamentablemente y de manera irresponsable eluden la problem\u00e1tica salarial que enfrentamos, generando un conflicto que tendr\u00e1 impacto en el inicio de las vacaciones de invierno\u201d, agregaron desde el sector aeron\u00e1utico que comanda Pablo Bir\u00f3.<\/p>\n\n\n\n<p>La tensi\u00f3n entre el gremio y las autoridades de\u00a0Aerol\u00edneas Argentinas\u00a0(AA), fue creciendo desde que la empresa estatal decidi\u00f3 suspender su participaci\u00f3n en la \u00faltima reuni\u00f3n para abordar la cuesti\u00f3n salarial. Ante ello, el sector que nuclea a los trabajadores advirti\u00f3 que si la compa\u00f1\u00eda \u201cno resuelve ni propone nada\u201d en las pr\u00f3ximas horas las medidas de fuerza ser\u00e1n m\u00e1s importantes.<\/p>\n","protected":false},"excerpt":{"rendered":"<p>La medida de fuerza se da en medio de la temporada de vacaciones de invierno y afectar\u00e1 los vuelos de cabotaje e internacionales. Es en reclamo de una mejora salarial. En el mismo d\u00eda en que el Gobierno habilita el proceso de desregulaci\u00f3n del mercado aerocomercial como parte de su proceso de apertura econ\u00f3mica, desde [&hellip;]<\/p>\n","protected":false},"author":2,"featured_media":7963,"comment_status":"open","ping_status":"open","sticky":false,"template":"","format":"standard","meta":{"footnotes":""},"categories":[20],"tags":[],"_links":{"self":[{"href":"https:\/\/enlamira.info\/index.php\/wp-json\/wp\/v2\/posts\/7961"}],"collection":[{"href":"https:\/\/enlamira.info\/index.php\/wp-json\/wp\/v2\/posts"}],"about":[{"href":"https:\/\/enlamira.info\/index.php\/wp-json\/wp\/v2\/types\/post"}],"author":[{"embeddable":true,"href":"https:\/\/enlamira.info\/index.php\/wp-json\/wp\/v2\/users\/2"}],"replies":[{"embeddable":true,"href":"https:\/\/enlamira.info\/index.php\/wp-json\/wp\/v2\/comments?post=7961"}],"version-history":[{"count":1,"href":"https:\/\/enlamira.info\/index.php\/wp-json\/wp\/v2\/posts\/7961\/revisions"}],"predecessor-version":[{"id":7962,"href":"https:\/\/enlamira.info\/index.php\/wp-json\/wp\/v2\/posts\/7961\/revisions\/7962"}],"wp:featuredmedia":[{"embeddable":true,"href":"https:\/\/enlamira.info\/index.php\/wp-json\/wp\/v2\/media\/7963"}],"wp:attachment":[{"href":"https:\/\/enlamira.info\/index.php\/wp-json\/wp\/v2\/media?parent=7961"}],"wp:term":[{"taxonomy":"category","embeddable":true,"href":"https:\/\/enlamira.info\/index.php\/wp-json\/wp\/v2\/categories?post=7961"},{"taxonomy":"post_tag","embeddable":true,"href":"https:\/\/enlamira.info\/index.php\/wp-json\/wp\/v2\/tags?post=7961"}],"curies":[{"name":"wp","href":"https:\/\/api.w.org\/{rel}","templated":true}]}}