{"id":7958,"date":"2024-07-10T21:31:05","date_gmt":"2024-07-11T00:31:05","guid":{"rendered":"https:\/\/enlamira.info\/?p=7958"},"modified":"2024-07-10T21:45:51","modified_gmt":"2024-07-11T00:45:51","slug":"patricia-bullrich-presento-un-proyecto-de-ley-de-juicio-en-ausencia-para-delitos-graves","status":"publish","type":"post","link":"https:\/\/enlamira.info\/index.php\/2024\/07\/10\/patricia-bullrich-presento-un-proyecto-de-ley-de-juicio-en-ausencia-para-delitos-graves\/","title":{"rendered":"Patricia Bullrich present\u00f3 un proyecto de ley de juicio en ausencia para delitos graves"},"content":{"rendered":"\n<p>La ministra de Seguridad y su par de Justicia, Mariano C\u00faneo Libarona, dieron detalles del nuevo r\u00e9gimen que modificar\u00e1 el C\u00f3digo Procesal Penal de la Naci\u00f3n.<\/p>\n\n\n\n<p>En el marco de la modernizaci\u00f3n del\u00a0Estado\u00a0que propone la nueva gesti\u00f3n libertaria, los ministros de Seguridad,\u00a0Patricia Bullrich\u00a0y de Justicia,\u00a0Mariano C\u00faneo Libarona, presentaron un proyecto de ley que pretende incorporar la tipificaci\u00f3n de juicios en ausencia en el caso de delitos graves.<\/p>\n\n\n\n<p>La iniciativa que ser\u00e1 enviada al\u00a0Congreso de la Naci\u00f3n\u00a0para su tratamiento, pretende modificar el\u00a0C\u00f3digo Procesal Penal de la Naci\u00f3n, aprobado por Ley N\u00ba 23.984, y el C\u00f3digo Procesal Penal Federal, que en la actualidad, no permiten tomar una decisi\u00f3n definitiva si el imputado no se encuentra presente durante el proceso en su contra.<\/p>\n\n\n\n<p>\u201cEn casos de graves violaciones a los derechos humanos y en los que la sociedad tiene un inter\u00e9s particular\u00a0en conocer la verdad, se prev\u00e9 permitir el juicio en ausencia en estas circunstancias podr\u00eda contribuir a satisfacer este inter\u00e9s p\u00fablico, al garantizar que los procesos judiciales avancen incluso cuando el acusado no comparezca en el tribunal\u201d, indica el texto que acompa\u00f1a el proyecto de ley.<\/p>\n\n\n\n<p>Durante una conferencia de prensa conjunta, los funcionarios explicaron que \u201csi el imputado no comparece o se fuga, seguir\u00e1 el juicio sin su presencia con una defensa bien resguardada.\u00a0Se debe terminar con esa costumbre de los juicios en los cajones y archivos\u201d.<\/p>\n\n\n\n<p>\u201cEl proyecto responde a una respuesta del presidente Javier Milei\u00a0a la sociedad argentina que todos los d\u00edas siente que hay impunidad. Adem\u00e1s, el nuevo mecanismo procesal garantizar\u00e1 la igualdad de toda v\u00edctima frente a la Justicia\u201d, explic\u00f3 Bullrich desde\u00a0Casa Rosada.<\/p>\n\n\n\n<p>A lo que sum\u00f3: \u201cHemos definido para estos casos a los delitos m\u00e1s graves, aquellos que generan una angustia colectiva y un mal a toda la sociedad, como es el financiamiento del terrorismo.\u00a0Se trata un cambio muy profundo que pone a nuestro gobierno en la vanguardia en materia penal y criminal\u201d.<\/p>\n","protected":false},"excerpt":{"rendered":"<p>La ministra de Seguridad y su par de Justicia, Mariano C\u00faneo Libarona, dieron detalles del nuevo r\u00e9gimen que modificar\u00e1 el C\u00f3digo Procesal Penal de la Naci\u00f3n. En el marco de la modernizaci\u00f3n del\u00a0Estado\u00a0que propone la nueva gesti\u00f3n libertaria, los ministros de Seguridad,\u00a0Patricia Bullrich\u00a0y de Justicia,\u00a0Mariano C\u00faneo Libarona, presentaron un proyecto de ley que pretende incorporar [&hellip;]<\/p>\n","protected":false},"author":2,"featured_media":7960,"comment_status":"open","ping_status":"open","sticky":false,"template":"","format":"standard","meta":{"footnotes":""},"categories":[20],"tags":[],"_links":{"self":[{"href":"https:\/\/enlamira.info\/index.php\/wp-json\/wp\/v2\/posts\/7958"}],"collection":[{"href":"https:\/\/enlamira.info\/index.php\/wp-json\/wp\/v2\/posts"}],"about":[{"href":"https:\/\/enlamira.info\/index.php\/wp-json\/wp\/v2\/types\/post"}],"author":[{"embeddable":true,"href":"https:\/\/enlamira.info\/index.php\/wp-json\/wp\/v2\/users\/2"}],"replies":[{"embeddable":true,"href":"https:\/\/enlamira.info\/index.php\/wp-json\/wp\/v2\/comments?post=7958"}],"version-history":[{"count":1,"href":"https:\/\/enlamira.info\/index.php\/wp-json\/wp\/v2\/posts\/7958\/revisions"}],"predecessor-version":[{"id":7959,"href":"https:\/\/enlamira.info\/index.php\/wp-json\/wp\/v2\/posts\/7958\/revisions\/7959"}],"wp:featuredmedia":[{"embeddable":true,"href":"https:\/\/enlamira.info\/index.php\/wp-json\/wp\/v2\/media\/7960"}],"wp:attachment":[{"href":"https:\/\/enlamira.info\/index.php\/wp-json\/wp\/v2\/media?parent=7958"}],"wp:term":[{"taxonomy":"category","embeddable":true,"href":"https:\/\/enlamira.info\/index.php\/wp-json\/wp\/v2\/categories?post=7958"},{"taxonomy":"post_tag","embeddable":true,"href":"https:\/\/enlamira.info\/index.php\/wp-json\/wp\/v2\/tags?post=7958"}],"curies":[{"name":"wp","href":"https:\/\/api.w.org\/{rel}","templated":true}]}}