{"id":7947,"date":"2024-07-10T21:27:14","date_gmt":"2024-07-11T00:27:14","guid":{"rendered":"https:\/\/enlamira.info\/?p=7947"},"modified":"2024-07-10T21:48:47","modified_gmt":"2024-07-11T00:48:47","slug":"javier-milei-en-la-bolsa-de-comercio-voy-a-vetar-todas-las-leyes-de-los-degenerados-fiscales","status":"publish","type":"post","link":"https:\/\/enlamira.info\/index.php\/2024\/07\/10\/javier-milei-en-la-bolsa-de-comercio-voy-a-vetar-todas-las-leyes-de-los-degenerados-fiscales\/","title":{"rendered":"Javier Milei en la Bolsa de Comercio: \u201cVoy a vetar todas las leyes de los degenerados fiscales\u201d"},"content":{"rendered":"\n<p>En el marco del 170 aniversario de la Bolsa, el Presidente brind\u00f3 un discurso en el que defendi\u00f3 el rumbo econ\u00f3mico de su gesti\u00f3n, enfatiz\u00f3 en el super\u00e1vit fiscal y habl\u00f3 de la salida del cepo.<\/p>\n\n\n\n<p>Javier Milei\u00a0habl\u00f3 en el aniversario de la Bolsa de Comercio y dirigi\u00f3 una\u00a0nueva advertencia a los diputados y senadores\u00a0de la oposici\u00f3n, a quienes critic\u00f3 y responsabiliz\u00f3 por las recientes tensiones cambiarias.\u00a0<\/p>\n\n\n\n<p>En un discurso centrado en la\u00a0econom\u00eda, defendi\u00f3 enf\u00e1ticamente las medidas implementadas por Luis Caputo y destac\u00f3 los logros de los primeros seis meses de gesti\u00f3n, enfatizando que el principal objetivo del Gobierno es alcanzar un super\u00e1vit fiscal.<\/p>\n\n\n\n<p>\u201cEl d\u00e9ficit cero es la manera m\u00e1s brutal de todas de asegurar la solvencia intertemporal. Por eso es que el riesgo pa\u00eds pas\u00f3 de 2900 puntos y lleg\u00f3 a tocar los 1100, hasta que el Congreso empez\u00f3 a hacer de las suyas\u201c, afirm\u00f3 el presidente, concluyendo su exposici\u00f3n con un an\u00e1lisis t\u00e9cnico de macroeconom\u00eda.<\/p>\n\n\n\n<p>\u201cCon los degenerados fiscales queriendo gastar como locos y bueno, el mercado nos pas\u00f3 la factura\u201d, coment\u00f3, refiri\u00e9ndose al cambio reciente en la tendencia que ha visto caer el precio de los bonos y aumentar el valor del d\u00f3lar paralelo.<\/p>\n\n\n\n<p>\u201cComo todav\u00eda tenemos control de capitales, si ustedes compran d\u00f3lares de manera indirecta, no directa, al pegarle por v\u00eda de la solvencia al precio de los bonos (nos dicen) \u00b4uy est\u00e1 subiendo el d\u00f3lar\u00b4, y s\u00ed claro, mientras que los degenerados fiscales quieran hacer de las de ellos, lo van a ver en el precio del d\u00f3lar\u201d, explic\u00f3 Milei.<\/p>\n\n\n\n<p>Finalmente, lanz\u00f3 una advertencia clara: \u201cLe digo algo, si los degenerados fiscales quieren pasar leyes que vayan contra el equilibrio presupuestario \u00bfsaben qu\u00e9? las voy a vetar todas, no voy a entregar el resultado fiscal\u201d, enfatiz\u00f3 el jefe de Estado.<\/p>\n\n\n\n<p>El presidente Milei ofreci\u00f3 un extenso discurso durante una hora frente a empresarios y agentes del mercado burs\u00e1til. Al inicio, anunci\u00f3 que esta vez su enfoque ser\u00eda m\u00e1s t\u00e9cnico, retomando su rol de economista, en contraste con su discurso del 9 de julio en Tucum\u00e1n.<\/p>\n\n\n\n<p>En esta l\u00ednea, analiz\u00f3 detalladamente las variables y los fundamentos conceptuales que sustentan la pol\u00edtica econ\u00f3mica de su gobierno, mientras continuaba criticando a los economistas que cuestionan su gesti\u00f3n: \u201cLa gran mayor\u00eda de los economistas no saben estas cosas. Hay un problema de deformaci\u00f3n grave\u201d, afirm\u00f3 con su caracter\u00edstico estilo.<\/p>\n\n\n\n<p>En varias ocasiones, elogi\u00f3 al ministro de Econom\u00eda, Luis \u201cToto\u201d Caputo, destacando su papel en la contenci\u00f3n de la inflaci\u00f3n:\u00a0\u201cEl gigante que est\u00e1 aqu\u00ed llev\u00f3 la tasa de inflaci\u00f3n del 17.000% a 54%\u201d, se\u00f1al\u00f3 refiri\u00e9ndose al titular de Hacienda.<\/p>\n\n\n\n<p>El presidente tambi\u00e9n hizo consideraciones pol\u00edticas, defendiendo a la ministra\u00a0Sandra Petovello\u00a0por su labor en la transparencia de la administraci\u00f3n de ayuda social:\u00a0 \u201cA la pobre ministra de\u00a0Capital Humano\u00a0le pegan porque est\u00e1 descubriendo choreos\u201d, coment\u00f3. Record\u00f3 que su mandato, seg\u00fan el apoyo electoral recibido, se centra en reducir la inflaci\u00f3n, la inseguridad y la corrupci\u00f3n.<\/p>\n\n\n\n<p>En relaci\u00f3n con la seguridad, elogi\u00f3 los esfuerzos de la ministra\u00a0Patricia Bullrich: \u201cLas fuerzas federales ingresaron a Santa Fe e hicimos bajar un 70% los homicidios. Logros, no relatos\u201d, destac\u00f3.<\/p>\n\n\n\n<p>En el \u00e1mbito econ\u00f3mico, defendi\u00f3 las\u00a0medidas de ajuste\u00a0implementadas desde el inicio de su gobierno. \u201cEchamos un mont\u00f3n de empleados p\u00fablicos, no s\u00f3lo eso, no le seguimos el paso a paso de la inflaci\u00f3n con los salarios p\u00fablicos\u201d, afirm\u00f3. No obstante, se quej\u00f3 de que \u201caparecieron los catadores de ajuste\u201d, quienes le se\u00f1alaron la sostenibilidad de los recortes. \u201cUnos chantas\u201d, dispar\u00f3.<\/p>\n\n\n\n<p>Milei tambi\u00e9n mencion\u00f3 la segunda fase de su programa, que incluye la eliminaci\u00f3n de los controles cambiarios y la transici\u00f3n hacia una pol\u00edtica de emisi\u00f3n cero.\u00a0\u201cVamos a salir del cepo, y siempre lo dijimos, hab\u00eda que alcanzar el equilibrio fiscal, adentro, terminar con los remunerados, adentro, los puts, los tenemos jaque mate, lo otro que necesitamos es la convergencia de la tasa de inflaci\u00f3n con la de devaluaci\u00f3n\u201d, explic\u00f3.<\/p>\n\n\n\n<p>\u201cEl primer escal\u00f3n al que apuntamos es que mapee la tasa de inflaci\u00f3n con la devaluaci\u00f3n. Cuando alcancemos la inflaci\u00f3n del 2% mensual, vamos a 1%, y cuando haya desaparecido en niveles cercanos a 0, tendremos que elegir si vamos a un esquema de devaluaci\u00f3n cero, o si dejamos flotar\u201d, agreg\u00f3.<\/p>\n\n\n\n<p>Y concluy\u00f3: \u201cTodo esto va a empezar a generar un crecimiento econ\u00f3mico de largo plazo m\u00e1s grande. Vamos a entrar en un sendero de crecimiento m\u00e1s alto. Eso va a generar recursos. Me comprometo a que eso no se va a destinar a incrementar el gasto, vamos a bajar impuestos y devolver recursos. Si entendemos que este esfuerzo s\u00ed va a valer la pena en 30 a\u00f1os vamos a volver a ser una potencia mundial\u201d.<\/p>\n","protected":false},"excerpt":{"rendered":"<p>En el marco del 170 aniversario de la Bolsa, el Presidente brind\u00f3 un discurso en el que defendi\u00f3 el rumbo econ\u00f3mico de su gesti\u00f3n, enfatiz\u00f3 en el super\u00e1vit fiscal y habl\u00f3 de la salida del cepo. Javier Milei\u00a0habl\u00f3 en el aniversario de la Bolsa de Comercio y dirigi\u00f3 una\u00a0nueva advertencia a los diputados y senadores\u00a0de [&hellip;]<\/p>\n","protected":false},"author":2,"featured_media":7950,"comment_status":"open","ping_status":"open","sticky":false,"template":"","format":"standard","meta":{"footnotes":""},"categories":[20],"tags":[],"_links":{"self":[{"href":"https:\/\/enlamira.info\/index.php\/wp-json\/wp\/v2\/posts\/7947"}],"collection":[{"href":"https:\/\/enlamira.info\/index.php\/wp-json\/wp\/v2\/posts"}],"about":[{"href":"https:\/\/enlamira.info\/index.php\/wp-json\/wp\/v2\/types\/post"}],"author":[{"embeddable":true,"href":"https:\/\/enlamira.info\/index.php\/wp-json\/wp\/v2\/users\/2"}],"replies":[{"embeddable":true,"href":"https:\/\/enlamira.info\/index.php\/wp-json\/wp\/v2\/comments?post=7947"}],"version-history":[{"count":1,"href":"https:\/\/enlamira.info\/index.php\/wp-json\/wp\/v2\/posts\/7947\/revisions"}],"predecessor-version":[{"id":7948,"href":"https:\/\/enlamira.info\/index.php\/wp-json\/wp\/v2\/posts\/7947\/revisions\/7948"}],"wp:featuredmedia":[{"embeddable":true,"href":"https:\/\/enlamira.info\/index.php\/wp-json\/wp\/v2\/media\/7950"}],"wp:attachment":[{"href":"https:\/\/enlamira.info\/index.php\/wp-json\/wp\/v2\/media?parent=7947"}],"wp:term":[{"taxonomy":"category","embeddable":true,"href":"https:\/\/enlamira.info\/index.php\/wp-json\/wp\/v2\/categories?post=7947"},{"taxonomy":"post_tag","embeddable":true,"href":"https:\/\/enlamira.info\/index.php\/wp-json\/wp\/v2\/tags?post=7947"}],"curies":[{"name":"wp","href":"https:\/\/api.w.org\/{rel}","templated":true}]}}