{"id":7901,"date":"2024-07-09T23:51:16","date_gmt":"2024-07-10T02:51:16","guid":{"rendered":"https:\/\/enlamira.info\/?p=7901"},"modified":"2024-07-09T23:58:12","modified_gmt":"2024-07-10T02:58:12","slug":"polemico-mensaje-de-un-diputado-de-lla-dejamos-atras-los-desfiles-de-travestis-comunistas-y-faloperos","status":"publish","type":"post","link":"https:\/\/enlamira.info\/index.php\/2024\/07\/09\/polemico-mensaje-de-un-diputado-de-lla-dejamos-atras-los-desfiles-de-travestis-comunistas-y-faloperos\/","title":{"rendered":"Pol\u00e9mico mensaje de un diputado de LLA: \u201cDejamos atr\u00e1s los desfiles de travestis, comunistas y faloperos\u201d"},"content":{"rendered":"\n<p>Agust\u00edn Romo celebr\u00f3 el desfile militar por el D\u00eda de la Independencia y aprovech\u00f3 la ocasi\u00f3n para criticar al kirchnerismo a trav\u00e9s de Twitter.<\/p>\n\n\n\n<p>El diputado\u00a0libertario\u00a0por la provincia de Buenos Aires, Agust\u00edn Romo, gener\u00f3 una fuerte controversia durante el desfile militar celebrado en la Ciudad de Buenos Aires por el\u00a0D\u00eda de la Independencia, al publicar en la red social X:\u00a0\u201cQu\u00e9 lindo ver un acto patrio con bandas militares, granaderos, el ej\u00e9rcito, la fuerza a\u00e9rea y los h\u00e9roes de Malvinas.\u00a0Al fin dejamos atr\u00e1s los desfiles de travestis, comunistas y faloperos\u201d. El comentario de Romo fue recibido con una mezcla de apoyo y cr\u00edticas en las redes sociales.<\/p>\n\n\n\n<p>Romo, miembro de La Libertad Avanza, acompa\u00f1\u00f3 su mensaje con un reposteo de un video que mostraba a L-Gante y otros artistas, como Leo Garc\u00eda y Miss Bolivia, cantando el himno nacional durante la conmemoraci\u00f3n del D\u00eda de la Restauraci\u00f3n de la Democracia en 2022, bajo el Gobierno de Alberto Fern\u00e1ndez. \u201cNobleza obliga,\u00a0gran cambio metimos en los festejos de fechas patrias. Pensar que ven\u00edamos de esto\u201d, escribi\u00f3 el usuario \u201cLocoXBoca3\u201d.<\/p>\n\n\n\n<figure class=\"wp-block-embed is-type-rich is-provider-twitter wp-block-embed-twitter\"><div class=\"wp-block-embed__wrapper\">\n<blockquote class=\"twitter-tweet\" data-width=\"550\" data-dnt=\"true\"><p lang=\"es\" dir=\"ltr\">Nobleza obliga, gran cambio metimos en los festejos de fechas patrias. Pensar que veniamos de esto<a href=\"https:\/\/t.co\/keDGwT5SZT\">pic.twitter.com\/keDGwT5SZT<\/a><\/p>&mdash; Loquillo (@LocoXBoca3) <a href=\"https:\/\/twitter.com\/LocoXBoca3\/status\/1810694492116140431?ref_src=twsrc%5Etfw\">July 9, 2024<\/a><\/blockquote><script async src=\"https:\/\/platform.twitter.com\/widgets.js\" charset=\"utf-8\"><\/script>\n<\/div><\/figure>\n\n\n\n<p>El d\u00eda anterior, Romo tambi\u00e9n hab\u00eda respondido a un usuario que criticaba el acto de la firma del\u00a0Pacto de Mayo\u00a0con un comentario sobre la banda de cumbia disidente y feminista queer Sudor Marika:\u00a0\u201cSi no canta Sudor Marika no les gusta\u201d, recordando su actuaci\u00f3n previa a la asunci\u00f3n presidencial de Fern\u00e1ndez en 2019.<\/p>\n\n\n\n<p>Este 9 de Julio,\u00a0el Gobierno organiz\u00f3 el primer desfile militar en cinco a\u00f1os, con la participaci\u00f3n de m\u00e1s de 7,000 efectivos de diversas fuerzas, alrededor de mil veteranos de la Guerra de Malvinas y decenas de veh\u00edculos de combate, incluyendo aproximadamente cinco tanques, en un tramo de la Avenida del Libertador en Palermo. El evento tambi\u00e9n cont\u00f3 con la exhibici\u00f3n de aviones de guerra. La magnitud del desfile suscit\u00f3 dudas sobre los costos para el Estado, especialmente en un contexto de austeridad con el lema\u00a0mile\u00edsta\u00a0de\u00a0\u201cNo hay plata\u201d.<\/p>\n\n\n\n<p>Agust\u00edn Romo ya hab\u00eda sido objeto de controversia anteriormente. El 24 de marzo, hizo comentarios despectivos sobre los participantes de la marcha por el D\u00eda de la Memoria:\u00a0\u201cSe hacen los que est\u00e1n tristes por algo que pas\u00f3 hace 50 a\u00f1os pero se juntan en una plaza todos maquillados con glitter a escabiar, falopearse, cantar, saltar y cagarse de risa. Que tristeza m\u00e1s rara. O falsa\u201d.<\/p>\n","protected":false},"excerpt":{"rendered":"<p>Agust\u00edn Romo celebr\u00f3 el desfile militar por el D\u00eda de la Independencia y aprovech\u00f3 la ocasi\u00f3n para criticar al kirchnerismo a trav\u00e9s de Twitter. El diputado\u00a0libertario\u00a0por la provincia de Buenos Aires, Agust\u00edn Romo, gener\u00f3 una fuerte controversia durante el desfile militar celebrado en la Ciudad de Buenos Aires por el\u00a0D\u00eda de la Independencia, al publicar [&hellip;]<\/p>\n","protected":false},"author":2,"featured_media":7904,"comment_status":"open","ping_status":"open","sticky":false,"template":"","format":"standard","meta":{"footnotes":""},"categories":[20],"tags":[],"_links":{"self":[{"href":"https:\/\/enlamira.info\/index.php\/wp-json\/wp\/v2\/posts\/7901"}],"collection":[{"href":"https:\/\/enlamira.info\/index.php\/wp-json\/wp\/v2\/posts"}],"about":[{"href":"https:\/\/enlamira.info\/index.php\/wp-json\/wp\/v2\/types\/post"}],"author":[{"embeddable":true,"href":"https:\/\/enlamira.info\/index.php\/wp-json\/wp\/v2\/users\/2"}],"replies":[{"embeddable":true,"href":"https:\/\/enlamira.info\/index.php\/wp-json\/wp\/v2\/comments?post=7901"}],"version-history":[{"count":1,"href":"https:\/\/enlamira.info\/index.php\/wp-json\/wp\/v2\/posts\/7901\/revisions"}],"predecessor-version":[{"id":7902,"href":"https:\/\/enlamira.info\/index.php\/wp-json\/wp\/v2\/posts\/7901\/revisions\/7902"}],"wp:featuredmedia":[{"embeddable":true,"href":"https:\/\/enlamira.info\/index.php\/wp-json\/wp\/v2\/media\/7904"}],"wp:attachment":[{"href":"https:\/\/enlamira.info\/index.php\/wp-json\/wp\/v2\/media?parent=7901"}],"wp:term":[{"taxonomy":"category","embeddable":true,"href":"https:\/\/enlamira.info\/index.php\/wp-json\/wp\/v2\/categories?post=7901"},{"taxonomy":"post_tag","embeddable":true,"href":"https:\/\/enlamira.info\/index.php\/wp-json\/wp\/v2\/tags?post=7901"}],"curies":[{"name":"wp","href":"https:\/\/api.w.org\/{rel}","templated":true}]}}