{"id":7897,"date":"2024-07-09T23:50:02","date_gmt":"2024-07-10T02:50:02","guid":{"rendered":"https:\/\/enlamira.info\/?p=7897"},"modified":"2024-07-09T23:59:06","modified_gmt":"2024-07-10T02:59:06","slug":"caputo-y-sturzenegger-salieron-a-desmentir-los-rumores-de-interna-seguiremos-asi-de-peleados","status":"publish","type":"post","link":"https:\/\/enlamira.info\/index.php\/2024\/07\/09\/caputo-y-sturzenegger-salieron-a-desmentir-los-rumores-de-interna-seguiremos-asi-de-peleados\/","title":{"rendered":"Caputo y Sturzenegger salieron a desmentir los rumores de interna: \u201cSeguiremos as\u00ed de peleados\u201d"},"content":{"rendered":"\n<p>El titular del Palacio de Hacienda y el flamante ministro de Desregulaci\u00f3n publicaron una foto juntos en el marco de la firma del Pacto de Mayo.<\/p>\n\n\n\n<p>En un esfuerzo por disipar los rumores de conflicto entre ellos,\u00a0los ministros Luis Caputo y Federico\u00a0Sturzenegger\u00a0compartieron una foto juntos\u00a0en la red social X. El ministro de Econom\u00eda, Caputo, public\u00f3 la imagen junto al nuevo ministro de Desregulaci\u00f3n y Transformaci\u00f3n del Estado, acompa\u00f1ado de un mensaje amistoso:\u00a0\u201cSeguiremos as\u00ed de peleados con @fedesturze trabajando para el pa\u00eds!\u201d. La imagen fue tomada durante la firma del\u00a0Pacto de Mayo\u00a0en Tucum\u00e1n, encabezada por el presidente Javier Milei.<\/p>\n\n\n\n<p>Sturzenegger, ex presidente del Banco Central, respondi\u00f3 al posteo con humor:\u00a0\u201cNos descubrieron a la salida del boliche @LuisCaputoAR !\u201d. Ambos funcionarios tambi\u00e9n fueron vistos juntos en el Tedeum en la Catedral porte\u00f1a por el D\u00eda de la Independencia, lo que subraya su aparente buena relaci\u00f3n en eventos oficiales.<\/p>\n\n\n\n<p>El retraso en la incorporaci\u00f3n de Sturzenegger al gabinete hab\u00eda alimentado\u00a0rumores sobre una supuesta mala relaci\u00f3n con Caputo. No obstante, en una entrevista radial, Sturzenegger desminti\u00f3 las especulaciones: \u201cTenemos una relaci\u00f3n excelente, personal y de trabajo\u201d, declar\u00f3 a Eduardo Feinmann en Radio Mitre. A\u00f1adi\u00f3 que el presidente\u00a0Milei\u00a0ha definido claramente sus roles, y que est\u00e1n preparados para trabajar en conjunto.<\/p>\n\n\n\n<p>Durante la misma entrevista, Sturzenegger destac\u00f3 la visi\u00f3n transformadora del Gobierno de Milei, se\u00f1alando que se ha iniciado&nbsp;<strong>\u201cun proceso de transformaci\u00f3n in\u00e9dito, con una verdadera vocaci\u00f3n y profundidad en el cambio\u201d<\/strong>. Reconoci\u00f3 que el sistema pol\u00edtico enfrenta tensiones, pero conf\u00eda en que la sociedad absorber\u00e1 los cambios propuestos.<\/p>\n\n\n\n<p>Adelantando sus pr\u00f3ximos pasos,\u00a0Sturzenegger anunci\u00f3 la presentaci\u00f3n de una reforma aerocomercial el mi\u00e9rcoles, destinada a eliminar\u00a0restricciones\u00a0en el transporte a\u00e9reo. Tambi\u00e9n mencion\u00f3 la futura presentaci\u00f3n al Congreso de la \u201cLey Hojarasca\u201d, que incluir\u00e1 reformas pendientes de la Ley Bases, como un examen al finalizar el secundario, modernizaci\u00f3n de la Justicia y arancelamiento universitario para extranjeros no residentes.\u00a0\u201cEl primer proyecto que vamos a llevar yo lo llamo la Ley Hojarasca\u201d, explic\u00f3, anticipando un intenso debate parlamentario sobre las propuestas.<\/p>\n","protected":false},"excerpt":{"rendered":"<p>El titular del Palacio de Hacienda y el flamante ministro de Desregulaci\u00f3n publicaron una foto juntos en el marco de la firma del Pacto de Mayo. En un esfuerzo por disipar los rumores de conflicto entre ellos,\u00a0los ministros Luis Caputo y Federico\u00a0Sturzenegger\u00a0compartieron una foto juntos\u00a0en la red social X. El ministro de Econom\u00eda, Caputo, public\u00f3 [&hellip;]<\/p>\n","protected":false},"author":2,"featured_media":7900,"comment_status":"open","ping_status":"open","sticky":false,"template":"","format":"standard","meta":{"footnotes":""},"categories":[20],"tags":[],"_links":{"self":[{"href":"https:\/\/enlamira.info\/index.php\/wp-json\/wp\/v2\/posts\/7897"}],"collection":[{"href":"https:\/\/enlamira.info\/index.php\/wp-json\/wp\/v2\/posts"}],"about":[{"href":"https:\/\/enlamira.info\/index.php\/wp-json\/wp\/v2\/types\/post"}],"author":[{"embeddable":true,"href":"https:\/\/enlamira.info\/index.php\/wp-json\/wp\/v2\/users\/2"}],"replies":[{"embeddable":true,"href":"https:\/\/enlamira.info\/index.php\/wp-json\/wp\/v2\/comments?post=7897"}],"version-history":[{"count":1,"href":"https:\/\/enlamira.info\/index.php\/wp-json\/wp\/v2\/posts\/7897\/revisions"}],"predecessor-version":[{"id":7898,"href":"https:\/\/enlamira.info\/index.php\/wp-json\/wp\/v2\/posts\/7897\/revisions\/7898"}],"wp:featuredmedia":[{"embeddable":true,"href":"https:\/\/enlamira.info\/index.php\/wp-json\/wp\/v2\/media\/7900"}],"wp:attachment":[{"href":"https:\/\/enlamira.info\/index.php\/wp-json\/wp\/v2\/media?parent=7897"}],"wp:term":[{"taxonomy":"category","embeddable":true,"href":"https:\/\/enlamira.info\/index.php\/wp-json\/wp\/v2\/categories?post=7897"},{"taxonomy":"post_tag","embeddable":true,"href":"https:\/\/enlamira.info\/index.php\/wp-json\/wp\/v2\/tags?post=7897"}],"curies":[{"name":"wp","href":"https:\/\/api.w.org\/{rel}","templated":true}]}}