{"id":7890,"date":"2024-07-09T23:47:45","date_gmt":"2024-07-10T02:47:45","guid":{"rendered":"https:\/\/enlamira.info\/?p=7890"},"modified":"2024-07-10T00:01:02","modified_gmt":"2024-07-10T03:01:02","slug":"martin-menem-critico-a-los-gobernadores-que-no-firmaron-el-pacto-de-mayo-egos-personales","status":"publish","type":"post","link":"https:\/\/enlamira.info\/index.php\/2024\/07\/09\/martin-menem-critico-a-los-gobernadores-que-no-firmaron-el-pacto-de-mayo-egos-personales\/","title":{"rendered":"Mart\u00edn Menem critic\u00f3 a los gobernadores que no firmaron el Pacto de Mayo: \u201cEgos personales\u201d"},"content":{"rendered":"\n<p>El presidente de la C\u00e1mara de Diputados consider\u00f3 que los mandatarios \u201cno est\u00e1n teniendo en cuenta lo importante que es\u201d el proyecto de La Libertad Avanza.<\/p>\n\n\n\n<p>Mart\u00edn Menem, presidente de la C\u00e1mara de Diputados,\u00a0arremeti\u00f3\u00a0contra los gobernadores que no asistieron al Pacto de Mayo, una iniciativa encabezada por el presidente Javier\u00a0Milei\u00a0para establecer diez puntos refundacionales para Argentina. Menem hizo un llamado a estos mandatarios provinciales a\u00a0dejar de lado sus \u201cegos personales\u201d\u00a0y sumarse al proyecto.<\/p>\n\n\n\n<p>Durante una entrevista con Radio Mitre, Menem expres\u00f3 su descontento con la\u00a0ausencia\u00a0de seis gobernadores, entre ellos\u00a0Axel Kicillof\u00a0(Buenos Aires) y Sergio Ziliotto (La Pampa). \u201cHay una mezcla de los que est\u00e1n pensando en su futuro pol\u00edtico y\u00a0no est\u00e1n teniendo en cuenta lo importante que es esto, tal vez los egos personales, tal vez alguna cuesti\u00f3n ideol\u00f3gica\u201d, afirm\u00f3.<\/p>\n\n\n\n<p>Menem tambi\u00e9n destac\u00f3 la importancia de los diez principios establecidos en el acto y la necesidad de que los gobernadores comprendan su relevancia para el futuro del pa\u00eds. \u201cCuando entiendan que esto no es para nosotros, para los pol\u00edticos de turno, sino para las pr\u00f3ximas generaciones y vean que de verdad esta es\u00a0la verdadera soluci\u00f3n a los problemas que tiene la Argentina, de los que Kicillof ha sido parte o causante\u201d, agreg\u00f3.<\/p>\n\n\n\n<p>Uno de los puntos cruciales del acta firmada en Tucum\u00e1n, seg\u00fan Menem, es el referente a la educaci\u00f3n.\u00a0\u201cLa educaci\u00f3n es un pilar fundamental de la Argentina de todo lo que viene\u201d, subray\u00f3, advirtiendo sobre el proceso de desalfabetizaci\u00f3n que afecta a muchos j\u00f3venes. \u201cSe nos ha colado por la ventana este proceso de desalfabetizaci\u00f3n y tenemos un mont\u00f3n de pibes que tienen una edad ya importante y no comprenden lo que leen\u201d, remarc\u00f3.<\/p>\n\n\n\n<p>Los gobernadores ausentes, como Kicillof, justificaron su decisi\u00f3n mediante mensajes en redes sociales. Kicillof escribi\u00f3 en su cuenta de X:\u00a0\u201cEl \u00fanico pacto que aceptamos en la provincia de Buenos Aires es el que defiende el federalismo, la industria, el trabajo y los recursos nacionales\u201d. Otros, como Claudio Vidal de Santa Cruz, se\u00f1alaron que \u201cno es tiempo de fiestas ni grandes actos\u201d debido a la crisis clim\u00e1tica que afecta su provincia.<\/p>\n\n\n\n<p>Finalmente, Sergio Ziliotto de La Pampa y Ricardo Quintela de La Rioja, tambi\u00e9n utilizaron las redes para manifestar su compromiso con el federalismo y la independencia. Ziliotto afirm\u00f3 que \u201cla fuerza de la Argentina radica en su diversidad, reflejada en el federalismo\u201d, mientras que Quintela destac\u00f3 que\u00a0\u201cLa Rioja luch\u00f3 y siempre luchar\u00e1 por una Independencia verdaderamente federal\u201d.<\/p>\n","protected":false},"excerpt":{"rendered":"<p>El presidente de la C\u00e1mara de Diputados consider\u00f3 que los mandatarios \u201cno est\u00e1n teniendo en cuenta lo importante que es\u201d el proyecto de La Libertad Avanza. Mart\u00edn Menem, presidente de la C\u00e1mara de Diputados,\u00a0arremeti\u00f3\u00a0contra los gobernadores que no asistieron al Pacto de Mayo, una iniciativa encabezada por el presidente Javier\u00a0Milei\u00a0para establecer diez puntos refundacionales para [&hellip;]<\/p>\n","protected":false},"author":2,"featured_media":7893,"comment_status":"open","ping_status":"open","sticky":false,"template":"","format":"standard","meta":{"footnotes":""},"categories":[20],"tags":[],"_links":{"self":[{"href":"https:\/\/enlamira.info\/index.php\/wp-json\/wp\/v2\/posts\/7890"}],"collection":[{"href":"https:\/\/enlamira.info\/index.php\/wp-json\/wp\/v2\/posts"}],"about":[{"href":"https:\/\/enlamira.info\/index.php\/wp-json\/wp\/v2\/types\/post"}],"author":[{"embeddable":true,"href":"https:\/\/enlamira.info\/index.php\/wp-json\/wp\/v2\/users\/2"}],"replies":[{"embeddable":true,"href":"https:\/\/enlamira.info\/index.php\/wp-json\/wp\/v2\/comments?post=7890"}],"version-history":[{"count":1,"href":"https:\/\/enlamira.info\/index.php\/wp-json\/wp\/v2\/posts\/7890\/revisions"}],"predecessor-version":[{"id":7891,"href":"https:\/\/enlamira.info\/index.php\/wp-json\/wp\/v2\/posts\/7890\/revisions\/7891"}],"wp:featuredmedia":[{"embeddable":true,"href":"https:\/\/enlamira.info\/index.php\/wp-json\/wp\/v2\/media\/7893"}],"wp:attachment":[{"href":"https:\/\/enlamira.info\/index.php\/wp-json\/wp\/v2\/media?parent=7890"}],"wp:term":[{"taxonomy":"category","embeddable":true,"href":"https:\/\/enlamira.info\/index.php\/wp-json\/wp\/v2\/categories?post=7890"},{"taxonomy":"post_tag","embeddable":true,"href":"https:\/\/enlamira.info\/index.php\/wp-json\/wp\/v2\/tags?post=7890"}],"curies":[{"name":"wp","href":"https:\/\/api.w.org\/{rel}","templated":true}]}}