{"id":7858,"date":"2024-07-08T18:44:22","date_gmt":"2024-07-08T21:44:22","guid":{"rendered":"https:\/\/enlamira.info\/?p=7858"},"modified":"2024-07-08T21:13:18","modified_gmt":"2024-07-09T00:13:18","slug":"las-transferencias-a-provincias-caen-mas-del-80-en-el-primer-semestre-del-ano","status":"publish","type":"post","link":"https:\/\/enlamira.info\/index.php\/2024\/07\/08\/las-transferencias-a-provincias-caen-mas-del-80-en-el-primer-semestre-del-ano\/","title":{"rendered":"Las transferencias a provincias caen m\u00e1s del 80% en el primer semestre del a\u00f1o"},"content":{"rendered":"\n<p>El Ejecutivo nacional enfrenta cr\u00edticas por la dr\u00e1stica disminuci\u00f3n en los giros no autom\u00e1ticos a las provincias durante el primer semestre del a\u00f1o, mientras se negocian nuevos acuerdos de obras p\u00fablicas con los gobernadores.<\/p>\n\n\n\n<p>En la antesala del\u00a0Pacto\u00a0de Mayo, el presidente\u00a0Javier\u00a0Milei\u00a0espera la firma de los gobernadores para implementar la\u00a0\u201creconstrucci\u00f3n de las bases de la Argentina\u201d. El\u00a0Gobierno\u00a0negoci\u00f3 durante meses con los mandatarios provinciales en busca de apoyo, en un contexto marcado por la tensi\u00f3n debido al recorte de transferencias.<\/p>\n\n\n\n<p>Las transferencias que realiza la Naci\u00f3n a las provincias se dividen en dos categor\u00edas: autom\u00e1ticas y no autom\u00e1ticas. Las primeras son aquellas establecidas por leyes que asignan un porcentaje de un impuesto nacional a las provincias. Las no autom\u00e1ticas, en cambio, son discrecionales y sirven para cubrir necesidades corrientes (gastos diarios) o de capital (inversiones, obras, compras de bienes).<\/p>\n\n\n\n<p>Una de las principales preocupaciones de los gobernadores es la significativa reducci\u00f3n de las transferencias no autom\u00e1ticas, que han mostrado recortes importantes mes a mes, acumulando un retroceso superior al 80% en el primer semestre del a\u00f1o. \u201cLas transferencias no autom\u00e1ticas habr\u00edan ca\u00eddo un 83% real interanual durante el primer semestre del a\u00f1o\u201d, se\u00f1al\u00f3 Nad\u00edn Arga\u00f1araz, presidente del Instituto Argentino de An\u00e1lisis Fiscal (IARAF).<\/p>\n\n\n\n<p>Seg\u00fan\u00a0Arga\u00f1araz, las mayores ca\u00eddas se registraron en\u00a0La Pampa, Formosa y La Rioja, con un descenso interanual real del 99% en esta \u00faltima, lo que representa pr\u00e1cticamente una desaparici\u00f3n de los env\u00edos no autom\u00e1ticos.<\/p>\n\n\n\n<p>Estas tres provincias est\u00e1n gobernadas por el peronismo:\u00a0Sergio Ziliotto, Gildo Insfr\u00e1n y Ricardo Quintela, respectivamente. Ellos, junto con\u00a0Axel Kicillof (Buenos Aires) y Gustavo Melella (Tierra del Fuego), han decidido no adherir al Pacto de Mayo. En contraste, las menores bajas se observaron en la Ciudad Aut\u00f3noma de\u00a0Buenos Aires (-37,3%), Chubut (-52,1%) y Santa Cruz (-57%).<\/p>\n\n\n\n<h3 class=\"wp-block-heading\">Obra p\u00fablica<\/h3>\n\n\n\n<p>Adem\u00e1s, como parte de su plan de ajuste, el Gobierno decidi\u00f3 discontinuar m\u00e1s del 70% de las obras p\u00fablicas bajo su gesti\u00f3n. De un total de 2731 proyectos, 1094 se detendr\u00e1n y de los 1637 restantes, 914 se transferir\u00e1n a las provincias mediante convenios gestionados por el jefe de Gabinete, Guillermo Francos.<\/p>\n\n\n\n<p>En las \u00faltimas semanas, se han firmado acuerdos con los gobernadores de R\u00edo Negro, Santa Cruz, Santa Fe, San Juan y San Luis, sum\u00e1ndose a los programas similares con Misiones, Santa Cruz, Catamarca, Chaco, Chubut, C\u00f3rdoba, Entre R\u00edos, Jujuy, Mendoza, Neuqu\u00e9n, Salta y Tucum\u00e1n.<\/p>\n\n\n\n<p>\u201cNosotros recibimos 2700 obras, el 77% eran obras por convenio y la mayor\u00eda eran menores, como un cord\u00f3n cuneta. Eso no es obra, eso es pol\u00edtica. Esas obras deben ser gestionadas por los intendentes o gobernadores. A la Naci\u00f3n le costaba m\u00e1s el chequeo y fiscalizaci\u00f3n de esas obras que la obra misma. La Naci\u00f3n debe enfocarse en obras de infraestructura que promuevan el desarrollo\u201d, coment\u00f3 el ministro de Econom\u00eda, Luis Caputo, al ser consultado sobre el tema d\u00edas atr\u00e1s.<\/p>\n\n\n\n<p>\u201cLas provincias se est\u00e1n organizando fiscalmente. Empiezan a ver los frutos de esa organizaci\u00f3n. Me he reunido con muchos gobernadores de la oposici\u00f3n y est\u00e1n todos mucho m\u00e1s contentos. Algunos est\u00e1n replicando este modelo con los intendentes\u201d, concluy\u00f3\u00a0Caputo.<\/p>\n","protected":false},"excerpt":{"rendered":"<p>El Ejecutivo nacional enfrenta cr\u00edticas por la dr\u00e1stica disminuci\u00f3n en los giros no autom\u00e1ticos a las provincias durante el primer semestre del a\u00f1o, mientras se negocian nuevos acuerdos de obras p\u00fablicas con los gobernadores. En la antesala del\u00a0Pacto\u00a0de Mayo, el presidente\u00a0Javier\u00a0Milei\u00a0espera la firma de los gobernadores para implementar la\u00a0\u201creconstrucci\u00f3n de las bases de la Argentina\u201d. [&hellip;]<\/p>\n","protected":false},"author":2,"featured_media":7860,"comment_status":"open","ping_status":"open","sticky":false,"template":"","format":"standard","meta":{"footnotes":""},"categories":[22],"tags":[],"_links":{"self":[{"href":"https:\/\/enlamira.info\/index.php\/wp-json\/wp\/v2\/posts\/7858"}],"collection":[{"href":"https:\/\/enlamira.info\/index.php\/wp-json\/wp\/v2\/posts"}],"about":[{"href":"https:\/\/enlamira.info\/index.php\/wp-json\/wp\/v2\/types\/post"}],"author":[{"embeddable":true,"href":"https:\/\/enlamira.info\/index.php\/wp-json\/wp\/v2\/users\/2"}],"replies":[{"embeddable":true,"href":"https:\/\/enlamira.info\/index.php\/wp-json\/wp\/v2\/comments?post=7858"}],"version-history":[{"count":1,"href":"https:\/\/enlamira.info\/index.php\/wp-json\/wp\/v2\/posts\/7858\/revisions"}],"predecessor-version":[{"id":7859,"href":"https:\/\/enlamira.info\/index.php\/wp-json\/wp\/v2\/posts\/7858\/revisions\/7859"}],"wp:featuredmedia":[{"embeddable":true,"href":"https:\/\/enlamira.info\/index.php\/wp-json\/wp\/v2\/media\/7860"}],"wp:attachment":[{"href":"https:\/\/enlamira.info\/index.php\/wp-json\/wp\/v2\/media?parent=7858"}],"wp:term":[{"taxonomy":"category","embeddable":true,"href":"https:\/\/enlamira.info\/index.php\/wp-json\/wp\/v2\/categories?post=7858"},{"taxonomy":"post_tag","embeddable":true,"href":"https:\/\/enlamira.info\/index.php\/wp-json\/wp\/v2\/tags?post=7858"}],"curies":[{"name":"wp","href":"https:\/\/api.w.org\/{rel}","templated":true}]}}