{"id":7847,"date":"2024-07-08T18:41:37","date_gmt":"2024-07-08T21:41:37","guid":{"rendered":"https:\/\/enlamira.info\/?p=7847"},"modified":"2024-07-08T21:15:31","modified_gmt":"2024-07-09T00:15:31","slug":"lacalle-pou-cuestiono-a-milei-en-la-cumbre-del-mercosur-todos-los-presidentes-deberian-estar-aqui","status":"publish","type":"post","link":"https:\/\/enlamira.info\/index.php\/2024\/07\/08\/lacalle-pou-cuestiono-a-milei-en-la-cumbre-del-mercosur-todos-los-presidentes-deberian-estar-aqui\/","title":{"rendered":"Lacalle Pou cuestion\u00f3 a Milei en la cumbre del Mercosur: \u201cTodos los presidentes deber\u00edan estar aqu\u00ed\u201d"},"content":{"rendered":"\n<p>En la cumbre del Mercosur, el mandatario uruguayo destac\u00f3 la importancia de la presencia de todos los jefes de Estado en estos encuentros. Mientras tanto, la canciller Diana Mondino represent\u00f3 a Argentina en la reuni\u00f3n.<\/p>\n\n\n\n<p>En una cumbre del\u00a0Mercosur\u00a0marcada por tensiones diplom\u00e1ticas, el presidente de Uruguay,\u00a0Luis\u00a0Lacalle\u00a0Pou, lanz\u00f3 una contundente cr\u00edtica al mandatario argentino,\u00a0Javier\u00a0Milei, por su ausencia en el plenario de jefes de Estado que se llev\u00f3 a cabo este lunes en\u00a0Asunci\u00f3n, Paraguay.<\/p>\n\n\n\n<p>La falta de presencia del jefe de Estado argentino fue un tema central del discurso de su par\u00a0uruguayo, quien afirm\u00f3 que \u201ctodos los presidentes deber\u00edan estar aqu\u00ed\u201d.<\/p>\n\n\n\n<p>\u201cNo solo importa el mensaje, es muy importante el mensajero\u201d, subray\u00f3 el presidente vecino, al referirse a la relevancia de que los l\u00edderes de los pa\u00edses miembros participen personalmente en estas reuniones clave para el bloque regional.<\/p>\n\n\n\n<p>El conflicto se intensific\u00f3 debido a que\u00a0Javier Milei\u00a0eligi\u00f3 asistir a una conferencia conservadora en Cambori\u00fa, Brasil, organizada por el expresidente\u00a0Jair Bolsonaro\u00a0y su hijo\u00a0Eduardo Bolsonaro. Este evento, al que Milei viaj\u00f3 el s\u00e1bado, se present\u00f3 como una oportunidad para estrechar lazos con l\u00edderes de la derecha regional, en lugar de participar en la cumbre del Mercosur.<\/p>\n\n\n\n<p>Santiago Pe\u00f1a, el presidente anfitri\u00f3n de Paraguay, tambi\u00e9n mencion\u00f3 la ausencia de\u00a0Milei, aunque su comentario fue m\u00e1s diplom\u00e1tico. \u201cNo pude conseguir que viniera el presidente Milei\u201d, dijo Pe\u00f1a, a\u00f1adiendo que respetaba los diversos procesos pol\u00edticos de los pa\u00edses miembros.<\/p>\n\n\n\n<h3 class=\"wp-block-heading\">Lacalle Pou y su defensa de la democracia<\/h3>\n\n\n\n<p>Durante su intervenci\u00f3n en el plenario,\u00a0Lacalle Pou\u00a0tambi\u00e9n abord\u00f3 el tema de la valoraci\u00f3n de la democracia y la solidaridad con los procesos democr\u00e1ticos en los pa\u00edses de la regi\u00f3n. \u201cLa alteraci\u00f3n del orden institucional no importa contra qui\u00e9n sea, si es electo democr\u00e1ticamente. No podemos tener visiones sesgadas seg\u00fan ese gobierno sea m\u00e1s o menos af\u00edn a nuestro pensamiento\u201d, argument\u00f3 el presidente uruguayo, reflejando una postura firme en favor del respeto a los principios democr\u00e1ticos.<\/p>\n\n\n\n<p>En lugar de Milei,\u00a0Diana Mondino, la canciller argentina, represent\u00f3 al pa\u00eds en la cumbre. Mondino adopt\u00f3 una postura conservadora similar a la que hab\u00eda mostrado en la Asamblea General de la OEA. En esta ocasi\u00f3n, Argentina se neg\u00f3 a suscribir documentos sobre diversidad de g\u00e9nero, el embargo a Cuba, y un texto que defend\u00eda la democracia ante el levantamiento militar en Bolivia.<\/p>\n","protected":false},"excerpt":{"rendered":"<p>En la cumbre del Mercosur, el mandatario uruguayo destac\u00f3 la importancia de la presencia de todos los jefes de Estado en estos encuentros. Mientras tanto, la canciller Diana Mondino represent\u00f3 a Argentina en la reuni\u00f3n. En una cumbre del\u00a0Mercosur\u00a0marcada por tensiones diplom\u00e1ticas, el presidente de Uruguay,\u00a0Luis\u00a0Lacalle\u00a0Pou, lanz\u00f3 una contundente cr\u00edtica al mandatario argentino,\u00a0Javier\u00a0Milei, por su [&hellip;]<\/p>\n","protected":false},"author":2,"featured_media":7851,"comment_status":"open","ping_status":"open","sticky":false,"template":"","format":"standard","meta":{"footnotes":""},"categories":[20],"tags":[],"_links":{"self":[{"href":"https:\/\/enlamira.info\/index.php\/wp-json\/wp\/v2\/posts\/7847"}],"collection":[{"href":"https:\/\/enlamira.info\/index.php\/wp-json\/wp\/v2\/posts"}],"about":[{"href":"https:\/\/enlamira.info\/index.php\/wp-json\/wp\/v2\/types\/post"}],"author":[{"embeddable":true,"href":"https:\/\/enlamira.info\/index.php\/wp-json\/wp\/v2\/users\/2"}],"replies":[{"embeddable":true,"href":"https:\/\/enlamira.info\/index.php\/wp-json\/wp\/v2\/comments?post=7847"}],"version-history":[{"count":1,"href":"https:\/\/enlamira.info\/index.php\/wp-json\/wp\/v2\/posts\/7847\/revisions"}],"predecessor-version":[{"id":7848,"href":"https:\/\/enlamira.info\/index.php\/wp-json\/wp\/v2\/posts\/7847\/revisions\/7848"}],"wp:featuredmedia":[{"embeddable":true,"href":"https:\/\/enlamira.info\/index.php\/wp-json\/wp\/v2\/media\/7851"}],"wp:attachment":[{"href":"https:\/\/enlamira.info\/index.php\/wp-json\/wp\/v2\/media?parent=7847"}],"wp:term":[{"taxonomy":"category","embeddable":true,"href":"https:\/\/enlamira.info\/index.php\/wp-json\/wp\/v2\/categories?post=7847"},{"taxonomy":"post_tag","embeddable":true,"href":"https:\/\/enlamira.info\/index.php\/wp-json\/wp\/v2\/tags?post=7847"}],"curies":[{"name":"wp","href":"https:\/\/api.w.org\/{rel}","templated":true}]}}