{"id":769,"date":"2024-03-11T11:33:58","date_gmt":"2024-03-11T14:33:58","guid":{"rendered":"https:\/\/enlamira.info\/?p=769"},"modified":"2024-03-11T11:54:41","modified_gmt":"2024-03-11T14:54:41","slug":"quien-es-mauro-tanos-el-ex-militante-de-la-campora-al-que-milei-ascendio-a-gerente-general-de-nacion-seguros","status":"publish","type":"post","link":"https:\/\/enlamira.info\/index.php\/2024\/03\/11\/quien-es-mauro-tanos-el-ex-militante-de-la-campora-al-que-milei-ascendio-a-gerente-general-de-nacion-seguros\/","title":{"rendered":"Qui\u00e9n es Mauro Tanos, el ex militante de la C\u00e1mpora al que Milei ascendi\u00f3 a gerente general de Naci\u00f3n Seguros"},"content":{"rendered":"\n<p>Tiene una larga carrera en la funci\u00f3n p\u00fablica y era el encargado de\u00a0las contrataciones de la empresa estatal\u00a0que acord\u00f3 m\u00e1s de siete mil seguros en distintas dependencias del Estado durante la presidencia de Alberto Fern\u00e1ndez.<\/p>\n\n\n\n<p>Mauro Tanos, un funcionario hist\u00f3ricamente vinculado a La C\u00e1mpora, ahora ocupa una posici\u00f3n crucial como gerente general en\u00a0Naci\u00f3n Seguros S.A., empresa envuelta en una\u00a0pol\u00e9mica por sus contratos millonarios con distintas \u00e1reas del Estado. Tanos, quien anteriormente se desempe\u00f1aba como gerente comercial en la misma empresa durante la presidencia de\u00a0Alberto\u00a0Fern\u00e1ndez, fue ascendido despu\u00e9s del cambio de\u00a0gobierno\u00a0y la asunci\u00f3n de Javier\u00a0Milei.<\/p>\n\n\n\n<p>A pesar de su v\u00ednculo con La C\u00e1mpora en el pasado y su estrecha relaci\u00f3n con algunos dirigentes peronistas de la provincia de Buenos Aires, Tanos ha mantenido un bajo perfil en la nueva administraci\u00f3n y conserva su lugar de poder en Naci\u00f3n Seguros. Aunque\u00a0su nombre no figura en los expedientes judiciales\u00a0relacionados con las controversias de la compa\u00f1\u00eda, podr\u00eda hacerlo en el futuro cuando la causa avance. Si bien el pampeano no tiene una gran exposici\u00f3n p\u00fablica, a principios de este mes gener\u00f3 una pol\u00e9mica cuando se difundi\u00f3 una foto de \u00e9l con una gorra que llevaba la leyenda \u201cMoyano\u00a0conducci\u00f3n\u201d, haciendo referencia al l\u00edder sindical.<\/p>\n\n\n\n<p>Mauro Tanos fue muy cercano a Jos\u00e9 Ottavis, quien supo ser uno de los hombres de confianza de\u00a0M\u00e1ximo Kirchner. Comenz\u00f3 su carrera pol\u00edtica como director de Foncap (Fondo Nacional de Capital Social) en 2010. Luego se desempe\u00f1\u00f3 como asesor en la C\u00e1mara de Diputados, ocup\u00f3 varios puestos en el Municipio de Moreno y escribi\u00f3 un libro sobre\u00a0transparencia\u00a0institucional.<\/p>\n\n\n\n<p>El ascenso de Tanos en Naci\u00f3n Seguros ha suscitado preguntas sobre sus conexiones pol\u00edticas y su posible influencia en la gesti\u00f3n de la empresa. En el pasado particip\u00f3 de actos pol\u00edticos de Alberto Fern\u00e1ndez y, adem\u00e1s, era el encargado de\u00a0las contrataciones de la empresa estatal\u00a0que acord\u00f3 m\u00e1s de siete mil seguros en distintas dependencias como la\u00a0ANSES\u00a0en donde se estima se pagaron m\u00e1s de\u00a020.000 millones de pesos anuales y 300 millones\u00a0en comisiones mensuales por parte del Estado. Su promoci\u00f3n a gerente general ocurri\u00f3 bajo la administraci\u00f3n de Alfredo Jos\u00e9 Torres, actual presidente de la compa\u00f1\u00eda.<\/p>\n\n\n\n<p>Aunque el gobierno actual ha realizado cambios en el organigrama de Naci\u00f3n Seguros, incluyendo la desvinculaci\u00f3n de varios exgerentes,\u00a0Tanos ha mantenido su posici\u00f3n. Por el momento el gobierno no ha tomado medidas concretas sobre la controversia en torno a los contratos de la empresa, mientras\u00a0el decreto que obliga a las empresas del Estado a contratar a Naci\u00f3n Seguros S.A., firmado por Alberto Fern\u00e1ndez en 2021,\u00a0sigue vigente.<\/p>\n","protected":false},"excerpt":{"rendered":"<p>Tiene una larga carrera en la funci\u00f3n p\u00fablica y era el encargado de\u00a0las contrataciones de la empresa estatal\u00a0que acord\u00f3 m\u00e1s de siete mil seguros en distintas dependencias del Estado durante la presidencia de Alberto Fern\u00e1ndez. Mauro Tanos, un funcionario hist\u00f3ricamente vinculado a La C\u00e1mpora, ahora ocupa una posici\u00f3n crucial como gerente general en\u00a0Naci\u00f3n Seguros S.A., [&hellip;]<\/p>\n","protected":false},"author":2,"featured_media":772,"comment_status":"open","ping_status":"open","sticky":false,"template":"","format":"standard","meta":{"footnotes":""},"categories":[20],"tags":[],"_links":{"self":[{"href":"https:\/\/enlamira.info\/index.php\/wp-json\/wp\/v2\/posts\/769"}],"collection":[{"href":"https:\/\/enlamira.info\/index.php\/wp-json\/wp\/v2\/posts"}],"about":[{"href":"https:\/\/enlamira.info\/index.php\/wp-json\/wp\/v2\/types\/post"}],"author":[{"embeddable":true,"href":"https:\/\/enlamira.info\/index.php\/wp-json\/wp\/v2\/users\/2"}],"replies":[{"embeddable":true,"href":"https:\/\/enlamira.info\/index.php\/wp-json\/wp\/v2\/comments?post=769"}],"version-history":[{"count":2,"href":"https:\/\/enlamira.info\/index.php\/wp-json\/wp\/v2\/posts\/769\/revisions"}],"predecessor-version":[{"id":773,"href":"https:\/\/enlamira.info\/index.php\/wp-json\/wp\/v2\/posts\/769\/revisions\/773"}],"wp:featuredmedia":[{"embeddable":true,"href":"https:\/\/enlamira.info\/index.php\/wp-json\/wp\/v2\/media\/772"}],"wp:attachment":[{"href":"https:\/\/enlamira.info\/index.php\/wp-json\/wp\/v2\/media?parent=769"}],"wp:term":[{"taxonomy":"category","embeddable":true,"href":"https:\/\/enlamira.info\/index.php\/wp-json\/wp\/v2\/categories?post=769"},{"taxonomy":"post_tag","embeddable":true,"href":"https:\/\/enlamira.info\/index.php\/wp-json\/wp\/v2\/tags?post=769"}],"curies":[{"name":"wp","href":"https:\/\/api.w.org\/{rel}","templated":true}]}}