{"id":764,"date":"2024-03-11T11:33:01","date_gmt":"2024-03-11T14:33:01","guid":{"rendered":"https:\/\/enlamira.info\/?p=764"},"modified":"2024-03-11T11:55:47","modified_gmt":"2024-03-11T14:55:47","slug":"luego-del-crimen-del-playero-murio-el-colectivero-que-fue-baleado-por-sicarios-en-rosario","status":"publish","type":"post","link":"https:\/\/enlamira.info\/index.php\/2024\/03\/11\/luego-del-crimen-del-playero-murio-el-colectivero-que-fue-baleado-por-sicarios-en-rosario\/","title":{"rendered":"Luego del crimen del playero, muri\u00f3 el colectivero que fue baleado por sicarios en Rosario"},"content":{"rendered":"\n<p>La noticia fue confirmada por Andrea Becherucci, la directora del hospital donde estaba internado. Ten\u00eda 39 a\u00f1os.<\/p>\n\n\n\n<p>Tras el\u00a0brutal\u00a0crimen del playero en\u00a0Rosario, muri\u00f3 este domingo el chofer de trol\u00e9b\u00fas de la l\u00ednea \u201cK\u201d que hab\u00eda sido baleado este jueves. La noticia fue confirmada por la directora del Hospital de Emergencias Clemente \u00c1lvarez (HECA),\u00a0Andrea Becherucci,.<\/p>\n\n\n\n<p>En el marco de un clima de violencia que se apoder\u00f3 de\u00a0Rosario, esta ma\u00f1ana ocurri\u00f3 el tr\u00e1gico\u00a0asesinato de un joven playero de 25 a\u00f1os\u00a0en una estaci\u00f3n de servicio de la ciudad. El crimen, perpetrado por un hombre armado que ingres\u00f3 a la oficina del comercio, agudiza la situaci\u00f3n de inseguridad en la localidad santafesina, inmersa en una\u00a0guerra narco\u00a0que no da respiro.<\/p>\n\n\n\n<p>El suceso tuvo lugar poco antes de medianoche del s\u00e1bado en la estaci\u00f3n de servicio ubicada en Mendoza al 7600, donde el atacante dispar\u00f3 tres veces contra la v\u00edctima, caus\u00e1ndole heridas fatales. A pesar de ser trasladado al hospital,\u00a0el joven falleci\u00f3 a causa de dos disparos en el pecho y uno en la cabeza.<\/p>\n\n\n\n<p>Este viernes, el\u00a0Gobierno\u00a0nacional convoc\u00f3 a un comit\u00e9 de crisis por la\u00a0ola de\u00a0violencia narco\u00a0en Rosario, despu\u00e9s del crimen de dos taxistas y la balacera contra el colectivero que hace minutos, falleci\u00f3. El comit\u00e9 est\u00e1 integrado por la ministra de Seguridad, Patricia Bullrich; el gobernador de Santa Fe, Maximiliano Pullaro; y todas las fuerzas de seguridad.<\/p>\n\n\n\n<p>El jueves pasado, el mandatario santafesino hab\u00eda elevado un pedido mediante una nota dirigida al Ministerio de Seguridad para llevar a cabo la convocatoria.<\/p>\n\n\n\n<p>Seg\u00fan trascendi\u00f3, la medida se implement\u00f3 debido a que\u00a0\u201cen los \u00faltimos d\u00edas se han producido en la Ciudad de Rosario hechos delictivos de extrema gravedad, que generaron en esa ciudad una situaci\u00f3n de conmoci\u00f3n social, lo que hace necesario el urgente esfuerzo coordinado del ESTADO NACIONAL y de la PROVINCIA DE SANTA FE en orden a restablecer la seguridad interior\u201d.<\/p>\n\n\n\n<h3 class=\"wp-block-heading\">El ataque al colectivero<\/h3>\n\n\n\n<p>El conductor del colectivo se llamaba\u00a0Marcos Iv\u00e1n D\u2019aloia, ten\u00eda 39 a\u00f1os y hab\u00eda sido atacado por sicarios en la esquina de Mendoza y M\u00e9jico, en zona la oeste, cerca de las 19.00.<\/p>\n","protected":false},"excerpt":{"rendered":"<p>La noticia fue confirmada por Andrea Becherucci, la directora del hospital donde estaba internado. Ten\u00eda 39 a\u00f1os. Tras el\u00a0brutal\u00a0crimen del playero en\u00a0Rosario, muri\u00f3 este domingo el chofer de trol\u00e9b\u00fas de la l\u00ednea \u201cK\u201d que hab\u00eda sido baleado este jueves. La noticia fue confirmada por la directora del Hospital de Emergencias Clemente \u00c1lvarez (HECA),\u00a0Andrea Becherucci,. En [&hellip;]<\/p>\n","protected":false},"author":2,"featured_media":767,"comment_status":"open","ping_status":"open","sticky":false,"template":"","format":"standard","meta":{"footnotes":""},"categories":[4],"tags":[],"_links":{"self":[{"href":"https:\/\/enlamira.info\/index.php\/wp-json\/wp\/v2\/posts\/764"}],"collection":[{"href":"https:\/\/enlamira.info\/index.php\/wp-json\/wp\/v2\/posts"}],"about":[{"href":"https:\/\/enlamira.info\/index.php\/wp-json\/wp\/v2\/types\/post"}],"author":[{"embeddable":true,"href":"https:\/\/enlamira.info\/index.php\/wp-json\/wp\/v2\/users\/2"}],"replies":[{"embeddable":true,"href":"https:\/\/enlamira.info\/index.php\/wp-json\/wp\/v2\/comments?post=764"}],"version-history":[{"count":1,"href":"https:\/\/enlamira.info\/index.php\/wp-json\/wp\/v2\/posts\/764\/revisions"}],"predecessor-version":[{"id":765,"href":"https:\/\/enlamira.info\/index.php\/wp-json\/wp\/v2\/posts\/764\/revisions\/765"}],"wp:featuredmedia":[{"embeddable":true,"href":"https:\/\/enlamira.info\/index.php\/wp-json\/wp\/v2\/media\/767"}],"wp:attachment":[{"href":"https:\/\/enlamira.info\/index.php\/wp-json\/wp\/v2\/media?parent=764"}],"wp:term":[{"taxonomy":"category","embeddable":true,"href":"https:\/\/enlamira.info\/index.php\/wp-json\/wp\/v2\/categories?post=764"},{"taxonomy":"post_tag","embeddable":true,"href":"https:\/\/enlamira.info\/index.php\/wp-json\/wp\/v2\/tags?post=764"}],"curies":[{"name":"wp","href":"https:\/\/api.w.org\/{rel}","templated":true}]}}