{"id":7578,"date":"2024-07-03T19:15:40","date_gmt":"2024-07-03T22:15:40","guid":{"rendered":"https:\/\/enlamira.info\/?p=7578"},"modified":"2024-07-03T19:41:53","modified_gmt":"2024-07-03T22:41:53","slug":"mascherano-hablo-sobre-la-ausencia-de-valentin-barco-en-los-juegos-olimpicos","status":"publish","type":"post","link":"https:\/\/enlamira.info\/index.php\/2024\/07\/03\/mascherano-hablo-sobre-la-ausencia-de-valentin-barco-en-los-juegos-olimpicos\/","title":{"rendered":"Mascherano habl\u00f3 sobre la ausencia de Valent\u00edn Barco en los Juegos Ol\u00edmpicos"},"content":{"rendered":"\n<p>El entrenador de la selecci\u00f3n juvenil se refiri\u00f3 a la baja del lateral izquierdo.<\/p>\n\n\n\n<p>Javier Mascherano\u00a0oficializ\u00f3 en las \u00faltimas horas\u00a0la lista de 18 futbolistas\u00a0convocados en la\u00a0Selecci\u00f3n Argentina Sub 23, de cara a los\u00a0Juegos Ol\u00edmpicos de Par\u00eds 2024. La Albiceleste integrar\u00e1 el Grupo B junto a Irak, Marruecos y Ucrania, e ir\u00e1 en busca de una nueva medalla dorada.<\/p>\n\n\n\n<p>Lo cierto es que m\u00e1s all\u00e1 de los jugadores citados, incluidos los casos de Nicol\u00e1s Otamendi, Ger\u00f3nimo Rulli y Juli\u00e1n \u00c1lvarez pese a superar la edad l\u00edmite, sorprendi\u00f3\u00a0la ausencia de Valent\u00edn Barco, pr\u00f3ximo a cumplir 20 a\u00f1os y con presente en el\u00a0Brighton de Inglaterra.<\/p>\n\n\n\n<p>En este sentido, fue el propio Mascherano quien tom\u00f3 la palabra y se refiri\u00f3 a las ausencias de Barco y Lucas Esquivel, este \u00faltimo en Atl\u00e9tico Paranaense; En di\u00e1logo con\u00a0<em>TyC Sports<\/em>, expres\u00f3:\u00a0\u201cTen\u00edamos la palabra de los dos clubes de que no iba a haber ning\u00fan problema, pero a \u00faltima hora decidieron no cederlos\u201d.<\/p>\n\n\n\n<p>De esta forma, el director t\u00e9cnico tuvo que rearmar la lista debido a la baja de sus dos principales opciones para el lateral izquierdo, lo que supuso un problema de cabeza. \u201cEstamos con mucha ilusi\u00f3n y, sobre todo, ahora con la tranquilidad de haber cerrado la lista, que es lo m\u00e1s dif\u00edcil para un entrenador. El resto es lo que m\u00e1s nos gusta, que es entrenar, preparar los partidos\u201d, afirm\u00f3.<\/p>\n\n\n\n<p>Por otra parte, Mascherano tambi\u00e9n habl\u00f3 sobre\u00a0Lionel Messi\u00a0y\u00a0Angel Di Maria. \u201cNi bien obtuvimos la clasificaci\u00f3n, tratamos de hacerles llegar la invitaci\u00f3n. A m\u00ed me une una amistad con ellos. Fue todo muy claro: la invitaci\u00f3n estuvo desde el primer momento, que ellos traten de evaluar y tomarse el tiempo de ver qu\u00e9 es lo que realmente necesitaban y si hab\u00eda alguna chance.\u00a0Con el tiempo, lo empezaron a evaluar y se hizo mucho m\u00e1s dif\u00edcil\u201c, explic\u00f3 el actual entrenador de la selecci\u00f3n juvenil.<\/p>\n","protected":false},"excerpt":{"rendered":"<p>El entrenador de la selecci\u00f3n juvenil se refiri\u00f3 a la baja del lateral izquierdo. Javier Mascherano\u00a0oficializ\u00f3 en las \u00faltimas horas\u00a0la lista de 18 futbolistas\u00a0convocados en la\u00a0Selecci\u00f3n Argentina Sub 23, de cara a los\u00a0Juegos Ol\u00edmpicos de Par\u00eds 2024. La Albiceleste integrar\u00e1 el Grupo B junto a Irak, Marruecos y Ucrania, e ir\u00e1 en busca de una [&hellip;]<\/p>\n","protected":false},"author":2,"featured_media":7580,"comment_status":"open","ping_status":"open","sticky":false,"template":"","format":"standard","meta":{"footnotes":""},"categories":[14],"tags":[],"_links":{"self":[{"href":"https:\/\/enlamira.info\/index.php\/wp-json\/wp\/v2\/posts\/7578"}],"collection":[{"href":"https:\/\/enlamira.info\/index.php\/wp-json\/wp\/v2\/posts"}],"about":[{"href":"https:\/\/enlamira.info\/index.php\/wp-json\/wp\/v2\/types\/post"}],"author":[{"embeddable":true,"href":"https:\/\/enlamira.info\/index.php\/wp-json\/wp\/v2\/users\/2"}],"replies":[{"embeddable":true,"href":"https:\/\/enlamira.info\/index.php\/wp-json\/wp\/v2\/comments?post=7578"}],"version-history":[{"count":1,"href":"https:\/\/enlamira.info\/index.php\/wp-json\/wp\/v2\/posts\/7578\/revisions"}],"predecessor-version":[{"id":7579,"href":"https:\/\/enlamira.info\/index.php\/wp-json\/wp\/v2\/posts\/7578\/revisions\/7579"}],"wp:featuredmedia":[{"embeddable":true,"href":"https:\/\/enlamira.info\/index.php\/wp-json\/wp\/v2\/media\/7580"}],"wp:attachment":[{"href":"https:\/\/enlamira.info\/index.php\/wp-json\/wp\/v2\/media?parent=7578"}],"wp:term":[{"taxonomy":"category","embeddable":true,"href":"https:\/\/enlamira.info\/index.php\/wp-json\/wp\/v2\/categories?post=7578"},{"taxonomy":"post_tag","embeddable":true,"href":"https:\/\/enlamira.info\/index.php\/wp-json\/wp\/v2\/tags?post=7578"}],"curies":[{"name":"wp","href":"https:\/\/api.w.org\/{rel}","templated":true}]}}