{"id":7575,"date":"2024-07-03T19:14:56","date_gmt":"2024-07-03T22:14:56","guid":{"rendered":"https:\/\/enlamira.info\/?p=7575"},"modified":"2024-07-03T19:42:32","modified_gmt":"2024-07-03T22:42:32","slug":"vila-acuso-a-san-lorenzo-de-estafa-por-el-fichaje-de-matias-reali","status":"publish","type":"post","link":"https:\/\/enlamira.info\/index.php\/2024\/07\/03\/vila-acuso-a-san-lorenzo-de-estafa-por-el-fichaje-de-matias-reali\/","title":{"rendered":"Vila acus\u00f3 a San Lorenzo de estafa por el fichaje de Mat\u00edas Reali"},"content":{"rendered":"\n<p>El presidente de Independiente Rivadavia apunt\u00f3 contra la dirigencia del Cuervo tras caerse el pase.<\/p>\n\n\n\n<p>El pasado viernes 28 de junio\u00a0San Lorenzo\u00a0oficializ\u00f3 la contrataci\u00f3n de\u00a0Mat\u00edas Reali, proveniente de\u00a0Independiente Rivadavia, tras adquirir el 100% de su ficha por 1.800.000 d\u00f3lares. En el momento de la firma, el delantero pos\u00f3 para la foto junto al presidente Marcelo Moretti y al encargado del f\u00fatbol profesional N\u00e9stor Ortigoza.<\/p>\n\n\n\n<p>Sin embargo,\u00a0Daniel Vila\u00a0sali\u00f3 con los tapones de punta y revel\u00f3 detalles sobre la operaci\u00f3n, finalmente sin \u00e9xito. El presidente de Independiente Rivadavia asegur\u00f3 en conversaci\u00f3n con\u00a0<em>Radio La Red<\/em>: \u201cSan Lorenzo se manej\u00f3 muy mal con el tema Reali\u201d.<\/p>\n\n\n\n<p>Por la misma v\u00eda, el dirigente profundiz\u00f3:\u00a0\u201cNos estafaron, enviaron certificados truchos. El dinero acordado nunca se acredit\u00f3, y por eso, la operaci\u00f3n est\u00e1 ca\u00edda. El jugador deber\u00e1 volver al club\u201d. En este sentido, el atacante lleg\u00f3 incluso a debutar con la camiseta azulgrana durante esta jornada en un duelo amistoso.<\/p>\n\n\n\n<p>Cabe destacar que la m\u00e1xima autoridad del conjunto mendocino\u00a0denunci\u00f3 penalmente tanto a Marcelo Moretti como al secretario Pablo Garc\u00eda Lago\u00a0tras lo sucedido y elevar\u00e1 una carta a la Asociaci\u00f3n del F\u00fatbol Argentino (AFA) para informar de forma detallada lo que ocurri\u00f3.<\/p>\n","protected":false},"excerpt":{"rendered":"<p>El presidente de Independiente Rivadavia apunt\u00f3 contra la dirigencia del Cuervo tras caerse el pase. El pasado viernes 28 de junio\u00a0San Lorenzo\u00a0oficializ\u00f3 la contrataci\u00f3n de\u00a0Mat\u00edas Reali, proveniente de\u00a0Independiente Rivadavia, tras adquirir el 100% de su ficha por 1.800.000 d\u00f3lares. En el momento de la firma, el delantero pos\u00f3 para la foto junto al presidente Marcelo [&hellip;]<\/p>\n","protected":false},"author":2,"featured_media":7577,"comment_status":"open","ping_status":"open","sticky":false,"template":"","format":"standard","meta":{"footnotes":""},"categories":[14],"tags":[],"_links":{"self":[{"href":"https:\/\/enlamira.info\/index.php\/wp-json\/wp\/v2\/posts\/7575"}],"collection":[{"href":"https:\/\/enlamira.info\/index.php\/wp-json\/wp\/v2\/posts"}],"about":[{"href":"https:\/\/enlamira.info\/index.php\/wp-json\/wp\/v2\/types\/post"}],"author":[{"embeddable":true,"href":"https:\/\/enlamira.info\/index.php\/wp-json\/wp\/v2\/users\/2"}],"replies":[{"embeddable":true,"href":"https:\/\/enlamira.info\/index.php\/wp-json\/wp\/v2\/comments?post=7575"}],"version-history":[{"count":1,"href":"https:\/\/enlamira.info\/index.php\/wp-json\/wp\/v2\/posts\/7575\/revisions"}],"predecessor-version":[{"id":7576,"href":"https:\/\/enlamira.info\/index.php\/wp-json\/wp\/v2\/posts\/7575\/revisions\/7576"}],"wp:featuredmedia":[{"embeddable":true,"href":"https:\/\/enlamira.info\/index.php\/wp-json\/wp\/v2\/media\/7577"}],"wp:attachment":[{"href":"https:\/\/enlamira.info\/index.php\/wp-json\/wp\/v2\/media?parent=7575"}],"wp:term":[{"taxonomy":"category","embeddable":true,"href":"https:\/\/enlamira.info\/index.php\/wp-json\/wp\/v2\/categories?post=7575"},{"taxonomy":"post_tag","embeddable":true,"href":"https:\/\/enlamira.info\/index.php\/wp-json\/wp\/v2\/tags?post=7575"}],"curies":[{"name":"wp","href":"https:\/\/api.w.org\/{rel}","templated":true}]}}