{"id":757,"date":"2024-03-11T11:29:19","date_gmt":"2024-03-11T14:29:19","guid":{"rendered":"https:\/\/enlamira.info\/?p=757"},"modified":"2024-03-11T21:28:37","modified_gmt":"2024-03-12T00:28:37","slug":"telam-el-gobierno-abrio-los-retiros-voluntarios-tras-el-cierre-de-la-agencia","status":"publish","type":"post","link":"https:\/\/enlamira.info\/index.php\/2024\/03\/11\/telam-el-gobierno-abrio-los-retiros-voluntarios-tras-el-cierre-de-la-agencia\/","title":{"rendered":"T\u00e9lam: el Gobierno abri\u00f3 los retiros voluntarios tras el cierre de la agencia"},"content":{"rendered":"\n<p>A partir de este lunes, y por 30 d\u00edas, los r\u00edostrabajadores podr\u00e1n acceder al retiro. Adem\u00e1s, extendieron la licencia durante toda esta semana.<\/p>\n\n\n\n<p>Luego de haber anunciado la semana pasada\u00a0el cierre de la agencia nacional de noticias,\u00a0<strong>T\u00e9lam<\/strong>, decisi\u00f3n que rechazada por gran parte de la sociedad y la pol\u00edtica,\u00a0<strong>el Gobierno abri\u00f3 los retiros voluntarios\u00a0para los trabajadores<\/strong>.<\/p>\n\n\n\n<p>La decisi\u00f3n fue comunicada por su interventor,&nbsp;<strong>Diego Chaher<\/strong>, y, de esta manera y<strong>&nbsp;a partir de las 00 horas del lunes<\/strong>, se podr\u00e1 acceder al retiro. Adem\u00e1s, se les comunic\u00f3 a quienes son parte de la agencia, que&nbsp;<strong>se extiende hasta el viernes la licencia laboral<\/strong>.<\/p>\n\n\n\n<p>\u201cEn el marco del proceso de reestructuraci\u00f3n del Estado iniciado por el Presidente de la Naci\u00f3n,&nbsp;<strong>se anuncia la implementaci\u00f3n del programa de Retiro Voluntario, por treinta (30) d\u00edas<\/strong>, para todo el personal, de planta y contratado a plazo fijo, de T\u00e9lam S.E.\u201d, sostiene el comunicado.<\/p>\n\n\n\n<p>\u201cConstruyeron un contexto de intimidaci\u00f3n y disciplinamiento con la<strong>&nbsp;perversa intenci\u00f3n de que la mayor cantidad de trabajadores se vean forzados<\/strong>&nbsp;a evaluar la propuesta de la empresa\u201d, expresaron.<\/p>\n\n\n\n<p>Y remarcaron: \u201cVolvemos a exigir que&nbsp;<strong>retiren las vallas, restablezcan el servicio<\/strong>&nbsp;y las tareas de cada compa\u00f1ero\u201d.<\/p>\n\n\n\n<p>Para este lunes a las 11 de la ma\u00f1ana, convocaron a una&nbsp;<strong>asamblea en la CGT<\/strong>&nbsp;\u201cen defensa de T\u00e9lam y las fuentes de trabajo\u201d.<\/p>\n\n\n\n<figure class=\"wp-block-image size-full\"><img loading=\"lazy\" decoding=\"async\" width=\"537\" height=\"682\" src=\"https:\/\/enlamira.info\/wp-content\/uploads\/2024\/03\/image-7.png\" alt=\"\" class=\"wp-image-758\" srcset=\"https:\/\/enlamira.info\/wp-content\/uploads\/2024\/03\/image-7.png 537w, https:\/\/enlamira.info\/wp-content\/uploads\/2024\/03\/image-7-236x300.png 236w\" sizes=\"(max-width: 537px) 100vw, 537px\" \/><\/figure>\n","protected":false},"excerpt":{"rendered":"<p>A partir de este lunes, y por 30 d\u00edas, los r\u00edostrabajadores podr\u00e1n acceder al retiro. Adem\u00e1s, extendieron la licencia durante toda esta semana. Luego de haber anunciado la semana pasada\u00a0el cierre de la agencia nacional de noticias,\u00a0T\u00e9lam, decisi\u00f3n que rechazada por gran parte de la sociedad y la pol\u00edtica,\u00a0el Gobierno abri\u00f3 los retiros voluntarios\u00a0para los [&hellip;]<\/p>\n","protected":false},"author":2,"featured_media":760,"comment_status":"open","ping_status":"open","sticky":false,"template":"","format":"standard","meta":{"footnotes":""},"categories":[20],"tags":[],"_links":{"self":[{"href":"https:\/\/enlamira.info\/index.php\/wp-json\/wp\/v2\/posts\/757"}],"collection":[{"href":"https:\/\/enlamira.info\/index.php\/wp-json\/wp\/v2\/posts"}],"about":[{"href":"https:\/\/enlamira.info\/index.php\/wp-json\/wp\/v2\/types\/post"}],"author":[{"embeddable":true,"href":"https:\/\/enlamira.info\/index.php\/wp-json\/wp\/v2\/users\/2"}],"replies":[{"embeddable":true,"href":"https:\/\/enlamira.info\/index.php\/wp-json\/wp\/v2\/comments?post=757"}],"version-history":[{"count":3,"href":"https:\/\/enlamira.info\/index.php\/wp-json\/wp\/v2\/posts\/757\/revisions"}],"predecessor-version":[{"id":826,"href":"https:\/\/enlamira.info\/index.php\/wp-json\/wp\/v2\/posts\/757\/revisions\/826"}],"wp:featuredmedia":[{"embeddable":true,"href":"https:\/\/enlamira.info\/index.php\/wp-json\/wp\/v2\/media\/760"}],"wp:attachment":[{"href":"https:\/\/enlamira.info\/index.php\/wp-json\/wp\/v2\/media?parent=757"}],"wp:term":[{"taxonomy":"category","embeddable":true,"href":"https:\/\/enlamira.info\/index.php\/wp-json\/wp\/v2\/categories?post=757"},{"taxonomy":"post_tag","embeddable":true,"href":"https:\/\/enlamira.info\/index.php\/wp-json\/wp\/v2\/tags?post=757"}],"curies":[{"name":"wp","href":"https:\/\/api.w.org\/{rel}","templated":true}]}}