{"id":7554,"date":"2024-07-02T16:49:18","date_gmt":"2024-07-02T19:49:18","guid":{"rendered":"https:\/\/enlamira.info\/?p=7554"},"modified":"2024-07-02T16:58:45","modified_gmt":"2024-07-02T19:58:45","slug":"ley-conan-el-gobierno-impulsa-una-iniciativa-para-aumentar-las-penas-por-maltrato-animal","status":"publish","type":"post","link":"https:\/\/enlamira.info\/index.php\/2024\/07\/02\/ley-conan-el-gobierno-impulsa-una-iniciativa-para-aumentar-las-penas-por-maltrato-animal\/","title":{"rendered":"\u201cLey Conan\u201d: el Gobierno impulsa una iniciativa para aumentar las penas por maltrato animal"},"content":{"rendered":"\n<p>Comenzar\u00e1 a ser debatida este mi\u00e9rcoles en la C\u00e1mara Baja. Busca regular el maltrato animal y agravar las penas y multas.<\/p>\n\n\n\n<p>Este mi\u00e9rcoles,\u00a0la C\u00e1mara de Diputados comenzara a debatir la Ley Conan\u00a0que impulsa\u00a0aumentar las penas por\u00a0 maltrato animal.<\/p>\n\n\n\n<p>Bautizada as\u00ed por el diputado del PRO Dami\u00e1n Arabia\u00a0en homenaje al perro del Presidente, intenta actualizar la vetusta ley 14.346 de 1954 y ma\u00f1ana\u00a0se realizar\u00e1 una\u00a0reuni\u00f3n informativa para ponerla en debate.<\/p>\n\n\n\n<p>En la actualidad,\u00a0la pena va de 15 d\u00edas a un a\u00f1o de prisi\u00f3n\u00a0para quien infligiere malos tratos o hiciere v\u00edctima de actos de crueldad a los animales. El nuevo proyecto habla de\u00a0entre los 6 meses y los tres a\u00f1os y establece multas de entre 5 y 20 veces el valor del Salario M\u00ednimo, Vital y M\u00f3vil (SMVM) para quien cometa este tipo de delito.<\/p>\n\n\n\n<p>Durante la ma\u00f1ana de este martes,\u00a0el propio Javier Milei se manifest\u00f3 en sus redes sociales\u00a0y realiz\u00f3 un posteo en el que que compar\u00f3 la Ley Conan y la actual normativa. Adem\u00e1s de la diferencia entre penas y multas,\u00a0el Presidente se\u00f1al\u00f3 que a los actos ya establecidos se suman \u201clesiones permanentes, abuso sexual y tortura\u201d.<\/p>\n\n\n\n<p>Adem\u00e1s, la nueva normativa\u00a0establecer\u00eda el D\u00eda del Animal como una jornada de reflexi\u00f3n en las escuelas.<\/p>\n\n\n\n<figure class=\"wp-block-image size-full\"><img loading=\"lazy\" decoding=\"async\" width=\"900\" height=\"534\" src=\"https:\/\/enlamira.info\/wp-content\/uploads\/2024\/07\/image.png\" alt=\"\" class=\"wp-image-7555\" srcset=\"https:\/\/enlamira.info\/wp-content\/uploads\/2024\/07\/image.png 900w, https:\/\/enlamira.info\/wp-content\/uploads\/2024\/07\/image-300x178.png 300w, https:\/\/enlamira.info\/wp-content\/uploads\/2024\/07\/image-768x456.png 768w\" sizes=\"(max-width: 900px) 100vw, 900px\" \/><\/figure>\n","protected":false},"excerpt":{"rendered":"<p>Comenzar\u00e1 a ser debatida este mi\u00e9rcoles en la C\u00e1mara Baja. Busca regular el maltrato animal y agravar las penas y multas. Este mi\u00e9rcoles,\u00a0la C\u00e1mara de Diputados comenzara a debatir la Ley Conan\u00a0que impulsa\u00a0aumentar las penas por\u00a0 maltrato animal. Bautizada as\u00ed por el diputado del PRO Dami\u00e1n Arabia\u00a0en homenaje al perro del Presidente, intenta actualizar la [&hellip;]<\/p>\n","protected":false},"author":2,"featured_media":7557,"comment_status":"open","ping_status":"open","sticky":false,"template":"","format":"standard","meta":{"footnotes":""},"categories":[20],"tags":[],"_links":{"self":[{"href":"https:\/\/enlamira.info\/index.php\/wp-json\/wp\/v2\/posts\/7554"}],"collection":[{"href":"https:\/\/enlamira.info\/index.php\/wp-json\/wp\/v2\/posts"}],"about":[{"href":"https:\/\/enlamira.info\/index.php\/wp-json\/wp\/v2\/types\/post"}],"author":[{"embeddable":true,"href":"https:\/\/enlamira.info\/index.php\/wp-json\/wp\/v2\/users\/2"}],"replies":[{"embeddable":true,"href":"https:\/\/enlamira.info\/index.php\/wp-json\/wp\/v2\/comments?post=7554"}],"version-history":[{"count":1,"href":"https:\/\/enlamira.info\/index.php\/wp-json\/wp\/v2\/posts\/7554\/revisions"}],"predecessor-version":[{"id":7556,"href":"https:\/\/enlamira.info\/index.php\/wp-json\/wp\/v2\/posts\/7554\/revisions\/7556"}],"wp:featuredmedia":[{"embeddable":true,"href":"https:\/\/enlamira.info\/index.php\/wp-json\/wp\/v2\/media\/7557"}],"wp:attachment":[{"href":"https:\/\/enlamira.info\/index.php\/wp-json\/wp\/v2\/media?parent=7554"}],"wp:term":[{"taxonomy":"category","embeddable":true,"href":"https:\/\/enlamira.info\/index.php\/wp-json\/wp\/v2\/categories?post=7554"},{"taxonomy":"post_tag","embeddable":true,"href":"https:\/\/enlamira.info\/index.php\/wp-json\/wp\/v2\/tags?post=7554"}],"curies":[{"name":"wp","href":"https:\/\/api.w.org\/{rel}","templated":true}]}}