{"id":7545,"date":"2024-07-02T16:45:54","date_gmt":"2024-07-02T19:45:54","guid":{"rendered":"https:\/\/enlamira.info\/?p=7545"},"modified":"2024-07-02T17:01:16","modified_gmt":"2024-07-02T20:01:16","slug":"la-corte-suprema-ratifico-la-condena-a-prision-perpetua-contra-nahir-galarza","status":"publish","type":"post","link":"https:\/\/enlamira.info\/index.php\/2024\/07\/02\/la-corte-suprema-ratifico-la-condena-a-prision-perpetua-contra-nahir-galarza\/","title":{"rendered":"La Corte Suprema ratific\u00f3 la condena a prisi\u00f3n perpetua contra Nahir Galarza"},"content":{"rendered":"\n<p>Tras rechazar un recurso interpuesto por la defensa de la joven que asesin\u00f3 a su novio en Entre R\u00edos, el m\u00e1ximo tribunal confirm\u00f3 el fallo de las instancias superiores.<\/p>\n\n\n\n<p>La\u00a0Corte Suprema de Justicia\u00a0dej\u00f3 firme la condena a prisi\u00f3n perpetua contra\u00a0Nahir Galarza\u00a0por el crimen de su entonces pareja,\u00a0Fernando Pastorizzo. De este modo, el tribunal supremo descart\u00f3 toda posibilidad de la defensa de la joven de solicitar una reducci\u00f3n de la pena interpuesta por las instancias anteriores.<\/p>\n\n\n\n<p>El rechazo al recurso extraordinario, presentado por la defensa de la que se convirti\u00f3 en la mujer m\u00e1s joven en recibir la pena m\u00e1xima que permite el C\u00f3digo Penal Argentino, confirma su sentencia.<\/p>\n\n\n\n<p>De este modo, la condena que ya hab\u00eda sido confirmada por la\u00a0C\u00e1mara de Casaci\u00f3n de Concordia\u00a0y el Superior Tribunal de Justicia de\u00a0Entre R\u00edos,\u00a0fue ratificada por los miembros de la Corte,\u00a0Ricardo Lorenzetti, Juan Carlos Maqueda\u00a0y\u00a0Horacio Rosatti.<\/p>\n\n\n\n<p>Con este fallo,\u00a0Galarza deber\u00e1 cumplir la condena a prisi\u00f3n perpetua\u00a0por el crimen de su novio, el 29 de diciembre de 2017, cuando Nahir dispar\u00f3 dos veces contra\u00a0 Fernando, utilizando el arma reglamentaria de su padre, un ex polic\u00eda de Entre R\u00edos.<\/p>\n\n\n\n<p>La joven de 19 a\u00f1os, al momento del hecho, reci\u00e9n\u00a0podr\u00eda dar por cumplida su pena en 2052, cuando tenga cumplidos los 54 a\u00f1os.\u00a0 Vale aclarar que tras el primer juicio oral, la C\u00e1mara de Casaci\u00f3n de Concordia reevalu\u00f3 las pruebas en julio de 2019 y ratific\u00f3 la condena a\u00a0Galarza.<\/p>\n\n\n\n<p>Sin embargo, la defensa acudi\u00f3 ante el Superior Tribunal de Justicia de la provincia de Entre R\u00edos, que rechaz\u00f3 la queja. De ah\u00ed solo le quedaba intentar suerte en la Corte Suprema, que con esta sentencia desfavorable dio por terminadas las posibilidades de considerar que el disparo fue accidental y no se trat\u00f3 de un crimen planeado por la joven entrerriana.<\/p>\n","protected":false},"excerpt":{"rendered":"<p>Tras rechazar un recurso interpuesto por la defensa de la joven que asesin\u00f3 a su novio en Entre R\u00edos, el m\u00e1ximo tribunal confirm\u00f3 el fallo de las instancias superiores. La\u00a0Corte Suprema de Justicia\u00a0dej\u00f3 firme la condena a prisi\u00f3n perpetua contra\u00a0Nahir Galarza\u00a0por el crimen de su entonces pareja,\u00a0Fernando Pastorizzo. De este modo, el tribunal supremo descart\u00f3 [&hellip;]<\/p>\n","protected":false},"author":2,"featured_media":7547,"comment_status":"open","ping_status":"open","sticky":false,"template":"","format":"standard","meta":{"footnotes":""},"categories":[126],"tags":[],"_links":{"self":[{"href":"https:\/\/enlamira.info\/index.php\/wp-json\/wp\/v2\/posts\/7545"}],"collection":[{"href":"https:\/\/enlamira.info\/index.php\/wp-json\/wp\/v2\/posts"}],"about":[{"href":"https:\/\/enlamira.info\/index.php\/wp-json\/wp\/v2\/types\/post"}],"author":[{"embeddable":true,"href":"https:\/\/enlamira.info\/index.php\/wp-json\/wp\/v2\/users\/2"}],"replies":[{"embeddable":true,"href":"https:\/\/enlamira.info\/index.php\/wp-json\/wp\/v2\/comments?post=7545"}],"version-history":[{"count":1,"href":"https:\/\/enlamira.info\/index.php\/wp-json\/wp\/v2\/posts\/7545\/revisions"}],"predecessor-version":[{"id":7546,"href":"https:\/\/enlamira.info\/index.php\/wp-json\/wp\/v2\/posts\/7545\/revisions\/7546"}],"wp:featuredmedia":[{"embeddable":true,"href":"https:\/\/enlamira.info\/index.php\/wp-json\/wp\/v2\/media\/7547"}],"wp:attachment":[{"href":"https:\/\/enlamira.info\/index.php\/wp-json\/wp\/v2\/media?parent=7545"}],"wp:term":[{"taxonomy":"category","embeddable":true,"href":"https:\/\/enlamira.info\/index.php\/wp-json\/wp\/v2\/categories?post=7545"},{"taxonomy":"post_tag","embeddable":true,"href":"https:\/\/enlamira.info\/index.php\/wp-json\/wp\/v2\/tags?post=7545"}],"curies":[{"name":"wp","href":"https:\/\/api.w.org\/{rel}","templated":true}]}}