{"id":753,"date":"2024-03-11T11:28:14","date_gmt":"2024-03-11T14:28:14","guid":{"rendered":"https:\/\/enlamira.info\/?p=753"},"modified":"2024-03-11T21:28:59","modified_gmt":"2024-03-12T00:28:59","slug":"patricia-bullrich-explota-rosario-y-yo-no-tengo-la-emergencia-en-seguridad-porque-el-parlamento-no-la-voto","status":"publish","type":"post","link":"https:\/\/enlamira.info\/index.php\/2024\/03\/11\/patricia-bullrich-explota-rosario-y-yo-no-tengo-la-emergencia-en-seguridad-porque-el-parlamento-no-la-voto\/","title":{"rendered":"Patricia Bullrich: \u201cExplota Rosario y yo no tengo la Emergencia en Seguridad porque el Parlamento no la vot\u00f3\u201d"},"content":{"rendered":"\n<p>La ministra de Seguridad se refiri\u00f3 a la compleja situaci\u00f3n que atraviesa la ciudad santafesina y antes de viajar junto a Luis Petri sostuvo que los narcos act\u00faan con \u201cun mecanismo de terror nunca visto\u201d.<\/p>\n\n\n\n<p>Antes de viajar a Rosario, Santa Fe,\u00a0en plena ola de cr\u00edmenes organizados por bandas narcocriminales, la ministra de seguridad,\u00a0Patricia Bullrich, adelant\u00f3 que\u00a0se reunir\u00e1 con el ministro de Defensa, Luis Petri\u00a0y se refiri\u00f3 a la compleja situaci\u00f3n.<\/p>\n\n\n\n<p>Al tiempo que afirm\u00f3 que este tipo de delincuentes\u00a0act\u00faan con \u201cun mecanismo de terror nunca visto\u201d, sostuvo que \u201cen una ciudad grande es dif\u00edcil poder tener control\u00a0sobre todos y cada uno de los ciudadanos que se mueven y no\u00a0saber d\u00f3nde, c\u00f3mo y de qu\u00e9 manera puede aparecer el atentado\u201c.<\/p>\n\n\n\n<p>Bullrich afirm\u00f3 que su cartera recibi\u00f3 de la administraci\u00f3n de\u00a0Alberto Fern\u00e1ndez \u201ccon medios muy deteriorados\u201d\u00a0pero que ir\u00e1n \u201ccon todo lo que se tiene a disposici\u00f3n\u201d.<\/p>\n\n\n\n<p>\u201cTenemos el apoyo de las fuerzas armadas con su log\u00edstica, seg\u00fan lo establece la ley de Seguridad Interior\u201d, sostuvo este lunes por la ma\u00f1ana en la puerta de su departamento porte\u00f1o antes de dirigirse a\u00a0una reuni\u00f3n con Luis Petri tras la cual viajar\u00e1n a Rosario.<\/p>\n\n\n\n<p>\u201cHoy explota Rosario y\u00a0no tengo emergencia en seguridad porque el Parlamento no la vot\u00f3. Yo pregunto: \u00bfLos parlamentarios que no la votaron se hacen cargo de que yo necesitar\u00eda tener recursos m\u00e1s r\u00e1pido para combatir lo que est\u00e1 pasando y los asesinatos a mansalva?\u201d, sostuvo la ministra el domingo por la noche durante una entrevista con\u00a0<em>LN+<\/em>.<\/p>\n\n\n\n<p>En ese sentido apunt\u00f3: \u201cLa verdad es que nosotros seguimos avanzando con o sin las herramientas. \u201cHab\u00edamos pedido eso porque sabemos que cuando se empieza a apretar al delito, este reacciona, sobre todo cuando&nbsp;<strong>lo han dejado armarse<\/strong>\u201c.<\/p>\n\n\n\n<p>Tambi\u00e9n critic\u00f3 el punto de vista Judicial del exjuez\u00a0Eugenio Zaffaroni. \u201cRosario es caso de estudio porque las teor\u00edas \u2018zaffaronianas\u2019, que\u00a0consideraba a los asaltantes como chicos que no ten\u00edan oportunidades sociales, cuando en realidad eran\u00a0terribles asesinos que mataban a la gente\u00a0como lo estamos viendo ahora\u201d.<\/p>\n\n\n\n<p>\u201cEsa romantizaci\u00f3n, y no criminalizaci\u00f3n que planteaban, de que se criminalizaba a los barrios estaba mal. Les mostramos que no era una criminalizaci\u00f3n sino llevar la paz a los barrios\u201d, afirm\u00f3.<\/p>\n","protected":false},"excerpt":{"rendered":"<p>La ministra de Seguridad se refiri\u00f3 a la compleja situaci\u00f3n que atraviesa la ciudad santafesina y antes de viajar junto a Luis Petri sostuvo que los narcos act\u00faan con \u201cun mecanismo de terror nunca visto\u201d. Antes de viajar a Rosario, Santa Fe,\u00a0en plena ola de cr\u00edmenes organizados por bandas narcocriminales, la ministra de seguridad,\u00a0Patricia Bullrich, [&hellip;]<\/p>\n","protected":false},"author":2,"featured_media":755,"comment_status":"open","ping_status":"open","sticky":false,"template":"","format":"standard","meta":{"footnotes":""},"categories":[20],"tags":[],"_links":{"self":[{"href":"https:\/\/enlamira.info\/index.php\/wp-json\/wp\/v2\/posts\/753"}],"collection":[{"href":"https:\/\/enlamira.info\/index.php\/wp-json\/wp\/v2\/posts"}],"about":[{"href":"https:\/\/enlamira.info\/index.php\/wp-json\/wp\/v2\/types\/post"}],"author":[{"embeddable":true,"href":"https:\/\/enlamira.info\/index.php\/wp-json\/wp\/v2\/users\/2"}],"replies":[{"embeddable":true,"href":"https:\/\/enlamira.info\/index.php\/wp-json\/wp\/v2\/comments?post=753"}],"version-history":[{"count":2,"href":"https:\/\/enlamira.info\/index.php\/wp-json\/wp\/v2\/posts\/753\/revisions"}],"predecessor-version":[{"id":756,"href":"https:\/\/enlamira.info\/index.php\/wp-json\/wp\/v2\/posts\/753\/revisions\/756"}],"wp:featuredmedia":[{"embeddable":true,"href":"https:\/\/enlamira.info\/index.php\/wp-json\/wp\/v2\/media\/755"}],"wp:attachment":[{"href":"https:\/\/enlamira.info\/index.php\/wp-json\/wp\/v2\/media?parent=753"}],"wp:term":[{"taxonomy":"category","embeddable":true,"href":"https:\/\/enlamira.info\/index.php\/wp-json\/wp\/v2\/categories?post=753"},{"taxonomy":"post_tag","embeddable":true,"href":"https:\/\/enlamira.info\/index.php\/wp-json\/wp\/v2\/tags?post=753"}],"curies":[{"name":"wp","href":"https:\/\/api.w.org\/{rel}","templated":true}]}}