{"id":7527,"date":"2024-07-02T16:38:18","date_gmt":"2024-07-02T19:38:18","guid":{"rendered":"https:\/\/enlamira.info\/?p=7527"},"modified":"2024-07-02T17:04:33","modified_gmt":"2024-07-02T20:04:33","slug":"susto-en-uruguay-vs-estados-unidos-como-sigue-la-salud-de-maximiliano-araujo","status":"publish","type":"post","link":"https:\/\/enlamira.info\/index.php\/2024\/07\/02\/susto-en-uruguay-vs-estados-unidos-como-sigue-la-salud-de-maximiliano-araujo\/","title":{"rendered":"Susto en Uruguay vs Estados Unidos: \u00bfc\u00f3mo sigue la salud de Maximiliano Ara\u00fajo?"},"content":{"rendered":"\n<p>El futbolista uruguayo sufri\u00f3 un traumatismo de cr\u00e1neo y estuvo 40 segundos inconsciente.<\/p>\n\n\n\n<p>Uruguay venci\u00f3 1-0 a Estados Unidos\u00a0con gol de Mat\u00edas Olivera, por la tercera fecha del Grupo C de la Copa Am\u00e9rica 2024.\u00a0El encuentro se torn\u00f3 por momentos muy friccionado y luchado, con muchos choques a lo largo de los 90 minutos.<\/p>\n\n\n\n<p>Precisamente, fue a los 26\u2032 del primer tiempo cuando\u00a0Maximiliano Ara\u00fajo, tras un tiro de esquina, choc\u00f3 con uno de sus compa\u00f1eros e inmediatamente cay\u00f3 al suelo. Fue en la ca\u00edda donde\u00a0se golpe\u00f3 la cabeza, y gener\u00f3 la preocupaci\u00f3n de sus compa\u00f1eros en el campo de juego.<\/p>\n\n\n\n<p>El mediocampista se retir\u00f3 en camilla y con cuello ortop\u00e9dico, pero consciente. Por esta raz\u00f3n, una vez finalizado el partido, la Asociaci\u00f3n Uruguaya de F\u00fatbol (AUF) lanz\u00f3 el parte m\u00e9dico oficial. \u201cSe lo traslad\u00f3 al hospital designado por CONMEBOL para realizarle los an\u00e1lisis pertinentes.\u00a0Los estudios imagenol\u00f3gicos realizados no mostraron lesiones\u201c<\/p>\n\n\n\n<p>A su vez, fue su representante quien tom\u00f3 la palabra.\u00a0Rodrigo L\u00f3pez\u00a0profundiz\u00f3 en conversaci\u00f3n con\u00a0<em>100% Deporte<\/em>: \u201cMaxi tuvo una p\u00e9rdida de conocimiento de 40 segundos y se reestableci\u00f3 r\u00e1pido. Le hicieron una tomograf\u00eda y una resonancia. El doctor nos explic\u00f3 que hay un protocolo a seguir pero lleg\u00f3 muy bien al hotel a las dos de la ma\u00f1ana\u201d.<\/p>\n","protected":false},"excerpt":{"rendered":"<p>El futbolista uruguayo sufri\u00f3 un traumatismo de cr\u00e1neo y estuvo 40 segundos inconsciente. Uruguay venci\u00f3 1-0 a Estados Unidos\u00a0con gol de Mat\u00edas Olivera, por la tercera fecha del Grupo C de la Copa Am\u00e9rica 2024.\u00a0El encuentro se torn\u00f3 por momentos muy friccionado y luchado, con muchos choques a lo largo de los 90 minutos. Precisamente, [&hellip;]<\/p>\n","protected":false},"author":2,"featured_media":7529,"comment_status":"open","ping_status":"open","sticky":false,"template":"","format":"standard","meta":{"footnotes":""},"categories":[14],"tags":[],"_links":{"self":[{"href":"https:\/\/enlamira.info\/index.php\/wp-json\/wp\/v2\/posts\/7527"}],"collection":[{"href":"https:\/\/enlamira.info\/index.php\/wp-json\/wp\/v2\/posts"}],"about":[{"href":"https:\/\/enlamira.info\/index.php\/wp-json\/wp\/v2\/types\/post"}],"author":[{"embeddable":true,"href":"https:\/\/enlamira.info\/index.php\/wp-json\/wp\/v2\/users\/2"}],"replies":[{"embeddable":true,"href":"https:\/\/enlamira.info\/index.php\/wp-json\/wp\/v2\/comments?post=7527"}],"version-history":[{"count":1,"href":"https:\/\/enlamira.info\/index.php\/wp-json\/wp\/v2\/posts\/7527\/revisions"}],"predecessor-version":[{"id":7528,"href":"https:\/\/enlamira.info\/index.php\/wp-json\/wp\/v2\/posts\/7527\/revisions\/7528"}],"wp:featuredmedia":[{"embeddable":true,"href":"https:\/\/enlamira.info\/index.php\/wp-json\/wp\/v2\/media\/7529"}],"wp:attachment":[{"href":"https:\/\/enlamira.info\/index.php\/wp-json\/wp\/v2\/media?parent=7527"}],"wp:term":[{"taxonomy":"category","embeddable":true,"href":"https:\/\/enlamira.info\/index.php\/wp-json\/wp\/v2\/categories?post=7527"},{"taxonomy":"post_tag","embeddable":true,"href":"https:\/\/enlamira.info\/index.php\/wp-json\/wp\/v2\/tags?post=7527"}],"curies":[{"name":"wp","href":"https:\/\/api.w.org\/{rel}","templated":true}]}}