{"id":747,"date":"2024-03-11T11:26:44","date_gmt":"2024-03-11T14:26:44","guid":{"rendered":"https:\/\/enlamira.info\/?p=747"},"modified":"2024-03-11T21:29:14","modified_gmt":"2024-03-12T00:29:14","slug":"rosario-paralizada-por-la-violencia-no-hay-clases-transporte-recoleccion-de-residuos-ni-hospitales","status":"publish","type":"post","link":"https:\/\/enlamira.info\/index.php\/2024\/03\/11\/rosario-paralizada-por-la-violencia-no-hay-clases-transporte-recoleccion-de-residuos-ni-hospitales\/","title":{"rendered":"Rosario paralizada por la violencia: no hay clases, transporte, recolecci\u00f3n de residuos, ni hospitales"},"content":{"rendered":"\n<p>Luego de los asesinatos ocurridos en las \u00faltimas horas, distintos sectores suspendieron sus actividades en reclamo de justicia y seguridad.<\/p>\n\n\n\n<p>Los cuatro\u00a0asesinatos ocurridos en las \u00faltimos horas en manos de bandas narcocriminales, pusieron en jaque a la ciudad de\u00a0Rosario\u00a0y la localidad\u00a0amaneci\u00f3 paralizada.<\/p>\n\n\n\n<p>Distintos sectores\u00a0reclaman justicia y seguridad\u00a0y este lunes\u00a0no hay circulaci\u00f3n de colectivos, estaciones de servicio, atenci\u00f3n en hospitales ni clases en las escuelas p\u00fablicas.<\/p>\n\n\n\n<p>Adem\u00e1s, en horario nocturno se suspendieron el\u00a0servicio de taxis y la recolecci\u00f3n de residuos.<\/p>\n\n\n\n<p>El primer crimen de los \u00faltimos d\u00edas fue el del taxista\u00a0H\u00e9ctor Figueroa, de 43 a\u00f1os, que recibi\u00f3 nueve tiros. Luego asesinaron a otro conductor,\u00a0Diego Alejandro Celentano, de 32 a\u00f1os, y a un playero de una estaci\u00f3n de servicio,\u00a0Bruno Bussanich, de 25. Tambi\u00e9n,\u00a0Marcos Daloia, de 39 a\u00f1os, un colectivero que estaba internado desde el jueves falleci\u00f3 tras un disparo en la cabeza.<\/p>\n\n\n\n<p>La Uni\u00f3n Tranviarios Automotor (UTA) Rosario que desde el viernes lleva adelante la medida en la que suspendi\u00f3 el servicio urbano, extendi\u00f3 la protesta y cumplir\u00e1 96 horas.<\/p>\n\n\n\n<p>\u201cDebido al fallecimiento del compa\u00f1ero Marcos, el d\u00eda de\u00a0ma\u00f1ana lunes no habr\u00e1 actividad de transporte\u00a0urbano e interurbano. Acompa\u00f1amos a la familia en este dif\u00edcil momento\u201d, sostuvieron desde UTA.<\/p>\n\n\n\n<p>Por su parte, la C\u00e1mara de Estaciones de Servicio\u00a0suspendi\u00f3 la entrega de combustible\u00a0\u201chasta que encontremos respuestas a las medidas de seguridad que necesitamos para el sector\u201d. Solo se proveer\u00e1 a ambulancias y patrulleros.<\/p>\n\n\n\n<p>Desde Amsaf\u00e9 Rosario anunciaron el \u201ccese total de actividades\u00a0sin asistencia a las escuelas para este lunes 11\u201d a ra\u00edz de \u201cla escalada de violencia criminal\u201d.<\/p>\n\n\n\n<p>\u201cLa situaci\u00f3n en Rosario es realmente grav\u00edsima.\u00a0Cuatro trabajadores asesinados en pocos d\u00edas son la expresi\u00f3n brutal de grupos narco criminales que parecen actuar sin que el Estado pueda ponerle l\u00edmites\u201d, sostuvieron los docentes.<\/p>\n\n\n\n<p>Los\u00a0centros de salud s\u00f3lo atender\u00e1n en emergencias\u00a0en los hospitales municipales, el policl\u00ednico San Mart\u00edn y el SIES.<\/p>\n","protected":false},"excerpt":{"rendered":"<p>Luego de los asesinatos ocurridos en las \u00faltimas horas, distintos sectores suspendieron sus actividades en reclamo de justicia y seguridad. Los cuatro\u00a0asesinatos ocurridos en las \u00faltimos horas en manos de bandas narcocriminales, pusieron en jaque a la ciudad de\u00a0Rosario\u00a0y la localidad\u00a0amaneci\u00f3 paralizada. Distintos sectores\u00a0reclaman justicia y seguridad\u00a0y este lunes\u00a0no hay circulaci\u00f3n de colectivos, estaciones de [&hellip;]<\/p>\n","protected":false},"author":2,"featured_media":750,"comment_status":"open","ping_status":"open","sticky":false,"template":"","format":"standard","meta":{"footnotes":""},"categories":[4],"tags":[],"_links":{"self":[{"href":"https:\/\/enlamira.info\/index.php\/wp-json\/wp\/v2\/posts\/747"}],"collection":[{"href":"https:\/\/enlamira.info\/index.php\/wp-json\/wp\/v2\/posts"}],"about":[{"href":"https:\/\/enlamira.info\/index.php\/wp-json\/wp\/v2\/types\/post"}],"author":[{"embeddable":true,"href":"https:\/\/enlamira.info\/index.php\/wp-json\/wp\/v2\/users\/2"}],"replies":[{"embeddable":true,"href":"https:\/\/enlamira.info\/index.php\/wp-json\/wp\/v2\/comments?post=747"}],"version-history":[{"count":2,"href":"https:\/\/enlamira.info\/index.php\/wp-json\/wp\/v2\/posts\/747\/revisions"}],"predecessor-version":[{"id":752,"href":"https:\/\/enlamira.info\/index.php\/wp-json\/wp\/v2\/posts\/747\/revisions\/752"}],"wp:featuredmedia":[{"embeddable":true,"href":"https:\/\/enlamira.info\/index.php\/wp-json\/wp\/v2\/media\/750"}],"wp:attachment":[{"href":"https:\/\/enlamira.info\/index.php\/wp-json\/wp\/v2\/media?parent=747"}],"wp:term":[{"taxonomy":"category","embeddable":true,"href":"https:\/\/enlamira.info\/index.php\/wp-json\/wp\/v2\/categories?post=747"},{"taxonomy":"post_tag","embeddable":true,"href":"https:\/\/enlamira.info\/index.php\/wp-json\/wp\/v2\/tags?post=747"}],"curies":[{"name":"wp","href":"https:\/\/api.w.org\/{rel}","templated":true}]}}