{"id":744,"date":"2024-03-11T11:26:09","date_gmt":"2024-03-11T14:26:09","guid":{"rendered":"https:\/\/enlamira.info\/?p=744"},"modified":"2024-03-11T21:29:36","modified_gmt":"2024-03-12T00:29:36","slug":"javier-milei-echo-al-secretario-de-trabajo-tras-la-polemica-por-el-aumento-de-sueldos-del-ejecutivo","status":"publish","type":"post","link":"https:\/\/enlamira.info\/index.php\/2024\/03\/11\/javier-milei-echo-al-secretario-de-trabajo-tras-la-polemica-por-el-aumento-de-sueldos-del-ejecutivo\/","title":{"rendered":"Javier Milei ech\u00f3 al secretario de Trabajo tras la pol\u00e9mica por el aumento de sueldos del Ejecutivo"},"content":{"rendered":"\n<p>Omar Yas\u00edn fue desplazado de su cargo seg\u00fan lo confirm\u00f3 el propio Presidente. \u201cEn este momento lo est\u00e1n notificando por este error\u201d, afirm\u00f3.<\/p>\n\n\n\n<p>Luego de la controversia que encendi\u00f3 la semana pasada el\u00a0aumento de sueldos de Javier Milei y su gabinete, el Presidente decidi\u00f3\u00a0echar al secretario de Trabajo, Omar Yas\u00edn, y lo responsabiliz\u00f3 por lo ocurrido.<\/p>\n\n\n\n<p>\u201cEn este momento lo est\u00e1n notificando por este error\u201d, sostuvo este lunes el mandatario en di\u00e1logo con\u00a0<em>LN+<\/em>, y remarc\u00f3: \u201cNosotros en el mes de enero\u00a0dimos la orden de no aumentar sueldos del personal jer\u00e1rquico\u201c.<\/p>\n\n\n\n<p>\u201cEl s\u00e1bado mand\u00e9 un decreto para retrotraer ese aumento;\u00a0el mes que viene se descuenta cuando se hace el pago, el ajuste lo pagan todos y en especial la pol\u00edtica\u201d, detall\u00f3.<\/p>\n\n\n\n<p>En ese sentido, subray\u00f3 que \u201cla casta pol\u00edtica, antes cuando se sub\u00edan las dietas quedaban expuestos, hoy cuando se suben quedan escrachad\u00edsimos\u201c.<\/p>\n\n\n\n<p>\u201cQuedaron mecanismos para que se disparen autom\u00e1ticamente\u00a0y no tener que levantar la manito. Estas cosas est\u00e1n escondidas y no te das cuenta.\u00a0Nosotros somos outsiders, entonces en las C\u00e1maras, tanto Mart\u00edn Menem como Victoria Villarruel dijeron que era aument\u00f3 para la planta, entonces tuvo que retrotraer, pero a veces te salpica. El s\u00e1bado a la noche esto se baj\u00f3, y esto es lo importante\u201d, agreg\u00f3.<\/p>\n","protected":false},"excerpt":{"rendered":"<p>Omar Yas\u00edn fue desplazado de su cargo seg\u00fan lo confirm\u00f3 el propio Presidente. \u201cEn este momento lo est\u00e1n notificando por este error\u201d, afirm\u00f3. Luego de la controversia que encendi\u00f3 la semana pasada el\u00a0aumento de sueldos de Javier Milei y su gabinete, el Presidente decidi\u00f3\u00a0echar al secretario de Trabajo, Omar Yas\u00edn, y lo responsabiliz\u00f3 por lo [&hellip;]<\/p>\n","protected":false},"author":2,"featured_media":746,"comment_status":"open","ping_status":"open","sticky":false,"template":"","format":"standard","meta":{"footnotes":""},"categories":[20],"tags":[],"_links":{"self":[{"href":"https:\/\/enlamira.info\/index.php\/wp-json\/wp\/v2\/posts\/744"}],"collection":[{"href":"https:\/\/enlamira.info\/index.php\/wp-json\/wp\/v2\/posts"}],"about":[{"href":"https:\/\/enlamira.info\/index.php\/wp-json\/wp\/v2\/types\/post"}],"author":[{"embeddable":true,"href":"https:\/\/enlamira.info\/index.php\/wp-json\/wp\/v2\/users\/2"}],"replies":[{"embeddable":true,"href":"https:\/\/enlamira.info\/index.php\/wp-json\/wp\/v2\/comments?post=744"}],"version-history":[{"count":1,"href":"https:\/\/enlamira.info\/index.php\/wp-json\/wp\/v2\/posts\/744\/revisions"}],"predecessor-version":[{"id":745,"href":"https:\/\/enlamira.info\/index.php\/wp-json\/wp\/v2\/posts\/744\/revisions\/745"}],"wp:featuredmedia":[{"embeddable":true,"href":"https:\/\/enlamira.info\/index.php\/wp-json\/wp\/v2\/media\/746"}],"wp:attachment":[{"href":"https:\/\/enlamira.info\/index.php\/wp-json\/wp\/v2\/media?parent=744"}],"wp:term":[{"taxonomy":"category","embeddable":true,"href":"https:\/\/enlamira.info\/index.php\/wp-json\/wp\/v2\/categories?post=744"},{"taxonomy":"post_tag","embeddable":true,"href":"https:\/\/enlamira.info\/index.php\/wp-json\/wp\/v2\/tags?post=744"}],"curies":[{"name":"wp","href":"https:\/\/api.w.org\/{rel}","templated":true}]}}