{"id":7435,"date":"2024-06-30T20:08:58","date_gmt":"2024-06-30T23:08:58","guid":{"rendered":"https:\/\/enlamira.info\/?p=7435"},"modified":"2024-07-01T14:36:03","modified_gmt":"2024-07-01T17:36:03","slug":"los-fiscales-pidieron-detener-a-la-tia-de-loan-pero-la-jueza-lo-nego","status":"publish","type":"post","link":"https:\/\/enlamira.info\/index.php\/2024\/06\/30\/los-fiscales-pidieron-detener-a-la-tia-de-loan-pero-la-jueza-lo-nego\/","title":{"rendered":"Los fiscales pidieron detener a la t\u00eda de Loan, pero la jueza lo neg\u00f3"},"content":{"rendered":"\n<p>El pedido fue realizado por Mariano de Guzm\u00e1n y la PROTEX a la magistrada Cristina Pozzer Penzo, quien argument\u00f3 la falta de pruebas suficientes. Los investigadores sospechan que Laudelina plant\u00f3 el bot\u00edn de su sobrino para desviar la investigaci\u00f3n.<\/p>\n\n\n\n<p>Los fiscales federales que investigan la desaparici\u00f3n de Loan Danilo Pe\u00f1a solicitaron la detenci\u00f3n de su t\u00eda Laudelina, tras su denuncia en la Justicia provincial de que el chico hab\u00eda muerto en un accidente, atropellado por Carlos P\u00e9rez, el principal acusado del caso.La solicitud fue presentada a la jueza Cristina Pozzer Penzo por Mariano de Guzm\u00e1n y sus colegas Marcelo Colombo y Alejandra Mangano, de la PROTEX, el \u00e1rea de la Procuraci\u00f3n que investiga delitos de trata.Sin embargo, la magistrada rechaz\u00f3 la solicitud, seg\u00fan confirmaron fuentes del caso a periodistas de Infobae.La solicitud de los fiscales, realizada ayer, se fundament\u00f3 en la sospecha de que Laudelina podr\u00eda haber plantado el bot\u00edn de Loan para confundir a los investigadores al inicio de la b\u00fasqueda. Seg\u00fan las mismas fuentes, existen indicios de que la t\u00eda de Loan habr\u00eda estado involucrada en plantar esta prueba. Por ello, se allan\u00f3 su casa y se secuestr\u00f3 su tel\u00e9fono el mi\u00e9rcoles pasado, aunque no fue imputada de inmediato.<\/p>\n\n\n\n<p>Pozzer Penso argument\u00f3 que, por el momento, no hay pruebas suficientes para justificar su arresto. No obstante, fuentes del caso aseguran que la PROTEX podr\u00eda insistir con el pedido de detenci\u00f3n tras reunir m\u00e1s evidencias, entre ellas, una de las m\u00e1s esperadas del caso: la pericia al celular de la t\u00eda, a cargo de la Divisi\u00f3n Pericias Telef\u00f3nicas de la PFA.<\/p>\n\n\n\n<p>Qu\u00e9 pasa con la pericia a la camioneta del principal acusadoEn cuanto a la pericia de levantamiento de rastros de la Ford Ranger de Carlos P\u00e9rez -que ayudar\u00eda a confirmar o desmentir la denuncia de Laudelina-, se realiz\u00f3 un primer an\u00e1lisis en el veh\u00edculo por la Polic\u00eda de Corrientes. En ese estudio, se recuperaron rastros de la camioneta que hoy est\u00e1n en un laboratorio forense, pero que, a priori, no concuerdan con la hip\u00f3tesis de un accidente.Hab\u00eda una serie de rastros biol\u00f3gicos, pero no se hall\u00f3 sangre.Ahora, los fiscales federales han ordenado un nuevo estudio a la PFA para resolver las dudas.La b\u00fasqueda en el campo de Catalina Pe\u00f1a se precipit\u00f3 tras la declaraci\u00f3n de Laudelina. Con la presencia de Patricia Bullrich, la b\u00fasqueda incluy\u00f3 a cuatro fuerzas de seguridad -la PFA, Gendarmer\u00eda, Prefectura y Polic\u00eda Bonaerense- con decenas de efectivos y drones de \u00faltima tecnolog\u00eda para analizar un radio de 20 kil\u00f3metros. Sin embargo, el resultado fue negativo. Loan, vivo o muerto, sigue sin ser hallado.Jos\u00e9 Pe\u00f1a, padre del chico, afirm\u00f3 en una marcha realizada hoy en 9 de Julio que lo que declar\u00f3 su hermana \u201ces una mentira\u201d.<\/p>\n","protected":false},"excerpt":{"rendered":"<p>El pedido fue realizado por Mariano de Guzm\u00e1n y la PROTEX a la magistrada Cristina Pozzer Penzo, quien argument\u00f3 la falta de pruebas suficientes. Los investigadores sospechan que Laudelina plant\u00f3 el bot\u00edn de su sobrino para desviar la investigaci\u00f3n. Los fiscales federales que investigan la desaparici\u00f3n de Loan Danilo Pe\u00f1a solicitaron la detenci\u00f3n de su [&hellip;]<\/p>\n","protected":false},"author":2,"featured_media":7436,"comment_status":"open","ping_status":"open","sticky":false,"template":"","format":"standard","meta":{"footnotes":""},"categories":[126],"tags":[],"_links":{"self":[{"href":"https:\/\/enlamira.info\/index.php\/wp-json\/wp\/v2\/posts\/7435"}],"collection":[{"href":"https:\/\/enlamira.info\/index.php\/wp-json\/wp\/v2\/posts"}],"about":[{"href":"https:\/\/enlamira.info\/index.php\/wp-json\/wp\/v2\/types\/post"}],"author":[{"embeddable":true,"href":"https:\/\/enlamira.info\/index.php\/wp-json\/wp\/v2\/users\/2"}],"replies":[{"embeddable":true,"href":"https:\/\/enlamira.info\/index.php\/wp-json\/wp\/v2\/comments?post=7435"}],"version-history":[{"count":1,"href":"https:\/\/enlamira.info\/index.php\/wp-json\/wp\/v2\/posts\/7435\/revisions"}],"predecessor-version":[{"id":7437,"href":"https:\/\/enlamira.info\/index.php\/wp-json\/wp\/v2\/posts\/7435\/revisions\/7437"}],"wp:featuredmedia":[{"embeddable":true,"href":"https:\/\/enlamira.info\/index.php\/wp-json\/wp\/v2\/media\/7436"}],"wp:attachment":[{"href":"https:\/\/enlamira.info\/index.php\/wp-json\/wp\/v2\/media?parent=7435"}],"wp:term":[{"taxonomy":"category","embeddable":true,"href":"https:\/\/enlamira.info\/index.php\/wp-json\/wp\/v2\/categories?post=7435"},{"taxonomy":"post_tag","embeddable":true,"href":"https:\/\/enlamira.info\/index.php\/wp-json\/wp\/v2\/tags?post=7435"}],"curies":[{"name":"wp","href":"https:\/\/api.w.org\/{rel}","templated":true}]}}