{"id":7417,"date":"2024-06-29T18:11:04","date_gmt":"2024-06-29T21:11:04","guid":{"rendered":"https:\/\/enlamira.info\/?p=7417"},"modified":"2024-06-29T18:11:43","modified_gmt":"2024-06-29T21:11:43","slug":"precios-de-alimentos-en-alza-la-inflacion-de-junio-llego-al-38-con-subas-fuertes-en-carnes-y-lacteos","status":"publish","type":"post","link":"https:\/\/enlamira.info\/index.php\/2024\/06\/29\/precios-de-alimentos-en-alza-la-inflacion-de-junio-llego-al-38-con-subas-fuertes-en-carnes-y-lacteos\/","title":{"rendered":"Precios de alimentos en alza: la inflaci\u00f3n de junio lleg\u00f3 al 3,8% con subas fuertes en carnes y l\u00e1cteos"},"content":{"rendered":"\n<p>La inflaci\u00f3n mensual se desaceler\u00f3 ligeramente en comparaci\u00f3n con el mes anterior, pero las expectativas siguen siendo altas para el dato de inflaci\u00f3n oficial.<\/p>\n\n\n\n<p>Durante el mes de junio, los\u00a0precios de los\u00a0alimentos\u00a0registraron un incremento del 3,8%, destac\u00e1ndose las\u00a0carnes\u00a0y los l\u00e1cteos como los principales responsables de esta subida.<\/p>\n\n\n\n<p>A pesar de una ligera desaceleraci\u00f3n en la \u00faltima semana del mes, donde la inflaci\u00f3n semanal fue del 0,6%, el aumento mensual sigue siendo significativo. La consultora LCG detalla que estos dos grupos de productos explicaron el 70% de la variaci\u00f3n en los precios.<\/p>\n\n\n\n<p>En el an\u00e1lisis de los datos de junio, el informe se\u00f1ala que los alimentos en general subieron un 3,8% en comparaci\u00f3n con el mes anterior. Este aumento es m\u00e1s alto que el registrado en abril y mayo, que fue de 2,3% en cada uno de esos meses.<\/p>\n\n\n\n<p>Entre los productos que m\u00e1s\u00a0subieron\u00a0durante el sexto mes del a\u00f1o, se destacan:<\/p>\n\n\n\n<p>-L\u00e1cteos y huevos: +7,5%<br>\u2013 Aceites: +5,7%<br>\u2013 Carnes: +5,4%<br>\u2013 Az\u00facar: +3,8%<br>\u2013 Verduras: +2,3%<br>\u2013 Pan, cereales y pastas: +2,1%<br>-Bebidas e infusiones: +2%<br>\u2013 Condimentos y otros productos alimenticios: +1,9%<br>\u2013 Comidas listas para llevar: +1,8%<br>\u2013 Frutas: -2% (\u00fanica categor\u00eda con ca\u00edda)<\/p>\n\n\n\n<p>Este informe revela que las carnes y los l\u00e1cteos no solo fueron los productos con mayores aumentos, sino que tambi\u00e9n representaron una parte significativa de la inflaci\u00f3n mensual.<\/p>\n\n\n\n<p>En la \u00faltima semana de junio, se observ\u00f3 una desaceleraci\u00f3n en la inflaci\u00f3n de alimentos, con una variaci\u00f3n de precios del 0,6%. Durante esta semana, se registraron ca\u00eddas en los precios de cuatro de las diez categor\u00edas analizadas, siendo las verduras las que m\u00e1s bajaron, con un -2,9%. Este retroceso en algunos productos ayud\u00f3 a moderar el aumento general en los precios de los alimentos.<\/p>\n\n\n\n<p>El Instituto Nacional de Estad\u00edstica y Censos (INDEC) publicar\u00e1 el \u00edndice de precios al consumidor (IPC) correspondiente a junio el pr\u00f3ximo 12 de julio. Las proyecciones privadas sugieren que la inflaci\u00f3n mensual podr\u00eda situarse alrededor del 5%, superando el aumento de 4,2% registrado en mayo. En los \u00faltimos 12 meses, la inflaci\u00f3n acumulada ha sido del 276,4%.<\/p>\n","protected":false},"excerpt":{"rendered":"<p>La inflaci\u00f3n mensual se desaceler\u00f3 ligeramente en comparaci\u00f3n con el mes anterior, pero las expectativas siguen siendo altas para el dato de inflaci\u00f3n oficial. Durante el mes de junio, los\u00a0precios de los\u00a0alimentos\u00a0registraron un incremento del 3,8%, destac\u00e1ndose las\u00a0carnes\u00a0y los l\u00e1cteos como los principales responsables de esta subida. A pesar de una ligera desaceleraci\u00f3n en la [&hellip;]<\/p>\n","protected":false},"author":2,"featured_media":7419,"comment_status":"open","ping_status":"open","sticky":false,"template":"","format":"standard","meta":{"footnotes":""},"categories":[22],"tags":[],"_links":{"self":[{"href":"https:\/\/enlamira.info\/index.php\/wp-json\/wp\/v2\/posts\/7417"}],"collection":[{"href":"https:\/\/enlamira.info\/index.php\/wp-json\/wp\/v2\/posts"}],"about":[{"href":"https:\/\/enlamira.info\/index.php\/wp-json\/wp\/v2\/types\/post"}],"author":[{"embeddable":true,"href":"https:\/\/enlamira.info\/index.php\/wp-json\/wp\/v2\/users\/2"}],"replies":[{"embeddable":true,"href":"https:\/\/enlamira.info\/index.php\/wp-json\/wp\/v2\/comments?post=7417"}],"version-history":[{"count":1,"href":"https:\/\/enlamira.info\/index.php\/wp-json\/wp\/v2\/posts\/7417\/revisions"}],"predecessor-version":[{"id":7418,"href":"https:\/\/enlamira.info\/index.php\/wp-json\/wp\/v2\/posts\/7417\/revisions\/7418"}],"wp:featuredmedia":[{"embeddable":true,"href":"https:\/\/enlamira.info\/index.php\/wp-json\/wp\/v2\/media\/7419"}],"wp:attachment":[{"href":"https:\/\/enlamira.info\/index.php\/wp-json\/wp\/v2\/media?parent=7417"}],"wp:term":[{"taxonomy":"category","embeddable":true,"href":"https:\/\/enlamira.info\/index.php\/wp-json\/wp\/v2\/categories?post=7417"},{"taxonomy":"post_tag","embeddable":true,"href":"https:\/\/enlamira.info\/index.php\/wp-json\/wp\/v2\/tags?post=7417"}],"curies":[{"name":"wp","href":"https:\/\/api.w.org\/{rel}","templated":true}]}}