{"id":7403,"date":"2024-06-29T18:07:39","date_gmt":"2024-06-29T21:07:39","guid":{"rendered":"https:\/\/enlamira.info\/?p=7403"},"modified":"2024-06-29T18:15:44","modified_gmt":"2024-06-29T21:15:44","slug":"para-patricia-bullrich-el-testimonio-de-la-tia-de-loan-es-fuerte-y-creible","status":"publish","type":"post","link":"https:\/\/enlamira.info\/index.php\/2024\/06\/29\/para-patricia-bullrich-el-testimonio-de-la-tia-de-loan-es-fuerte-y-creible\/","title":{"rendered":"Para Patricia Bullrich el testimonio de la t\u00eda de Loan es \u201cfuerte y cre\u00edble\u201d"},"content":{"rendered":"\n<p>Luego de la nueva declaraci\u00f3n que provoc\u00f3 un giro en la investigaci\u00f3n, hay un nuevo operativo de b\u00fasqueda en Corrientes.<\/p>\n\n\n\n<p>La ministra de Seguridad,\u00a0Patricia Bullrich, confirm\u00f3 este s\u00e1bado un giro significativo en la investigaci\u00f3n por la desaparici\u00f3n de Loan Danilo Pe\u00f1a, de 5 a\u00f1os, en Corrientes.\u00a0Bullrich afirm\u00f3 que \u201chay una confesi\u00f3n fuerte y cre\u00edble de Laudelina\u201d, refiri\u00e9ndose a la t\u00eda del ni\u00f1o. Seg\u00fan la ministra, la mujer relat\u00f3 ante la\u00a0Justicia\u00a0que el capit\u00e1n de nav\u00edo Carlos P\u00e9rez y su esposa, Victoria Caillava, atropellaron al menor accidentalmente y luego encubrieron el hecho.<\/p>\n\n\n\n<p>Bullrich explic\u00f3 que la confesi\u00f3n de Laudelina Pe\u00f1a es\u00a0\u201ccre\u00edble, compatible con una de las hip\u00f3tesis que se estaban investigando\u201d. La t\u00eda confes\u00f3 que P\u00e9rez y Caillava atropellaron a Loan con su camioneta, una Ford Ranger, y posteriormente encubrieron el accidente. La ministra tambi\u00e9n destac\u00f3 que, aunque la confesi\u00f3n es un avance importante,\u00a0\u201cfaltan determinar muchas tareas\u201d\u00a0y que las investigaciones contin\u00faan bajo la direcci\u00f3n de la Justicia Federal y provincial.<\/p>\n\n\n\n<p>Durante la semana, Bullrich se desplaz\u00f3 a Corrientes con su equipo para coordinar con fiscales, jueces y fuerzas de seguridad. Hasta la confesi\u00f3n de Laudelina,\u00a0la principal hip\u00f3tesis era que el ni\u00f1o hab\u00eda sido secuestrado y podr\u00eda estar fuera del pa\u00eds. El presidente Javier\u00a0Milei, quien se reuni\u00f3 con Bullrich para informarse del caso tras regresar de Europa, tambi\u00e9n fue informado de los \u00faltimos desarrollos y est\u00e1 \u201cal tanto de todo\u201d lo ocurrido.<\/p>\n\n\n\n<p>El\u00a0gobernador\u00a0de Corrientes,\u00a0Gustavo Vald\u00e9s, se\u00f1al\u00f3 en sus redes sociales que\u00a0\u201cse ha dado un gran paso en la resoluci\u00f3n del caso Loan\u201d. Vald\u00e9s asegur\u00f3 que todo lo actuado se est\u00e1 remitiendo a la Justicia Federal para proceder conforme a derecho. La declaraci\u00f3n de Pe\u00f1a, realizada ante el fiscal Gustavo Robineau, detalla que el ni\u00f1o fue atropellado despu\u00e9s de regresar solo del naranjal y que los responsables intentaron ocultar el accidente.<\/p>\n\n\n\n<p>La causa ha llevado a la detenci\u00f3n de varias personas, incluyendo al capit\u00e1n P\u00e9rez, su esposa, y otros familiares que participaron en el almuerzo el d\u00eda del accidente. Entre los detenidos se encuentran Antonio Ben\u00edtez, novio de Laudelina Pe\u00f1a, y el excomisario Walter Maciel, quienes habr\u00edan colaborado en el\u00a0encubrimiento del incidente.<\/p>\n","protected":false},"excerpt":{"rendered":"<p>Luego de la nueva declaraci\u00f3n que provoc\u00f3 un giro en la investigaci\u00f3n, hay un nuevo operativo de b\u00fasqueda en Corrientes. La ministra de Seguridad,\u00a0Patricia Bullrich, confirm\u00f3 este s\u00e1bado un giro significativo en la investigaci\u00f3n por la desaparici\u00f3n de Loan Danilo Pe\u00f1a, de 5 a\u00f1os, en Corrientes.\u00a0Bullrich afirm\u00f3 que \u201chay una confesi\u00f3n fuerte y cre\u00edble de [&hellip;]<\/p>\n","protected":false},"author":2,"featured_media":7406,"comment_status":"open","ping_status":"open","sticky":false,"template":"","format":"standard","meta":{"footnotes":""},"categories":[126],"tags":[],"_links":{"self":[{"href":"https:\/\/enlamira.info\/index.php\/wp-json\/wp\/v2\/posts\/7403"}],"collection":[{"href":"https:\/\/enlamira.info\/index.php\/wp-json\/wp\/v2\/posts"}],"about":[{"href":"https:\/\/enlamira.info\/index.php\/wp-json\/wp\/v2\/types\/post"}],"author":[{"embeddable":true,"href":"https:\/\/enlamira.info\/index.php\/wp-json\/wp\/v2\/users\/2"}],"replies":[{"embeddable":true,"href":"https:\/\/enlamira.info\/index.php\/wp-json\/wp\/v2\/comments?post=7403"}],"version-history":[{"count":1,"href":"https:\/\/enlamira.info\/index.php\/wp-json\/wp\/v2\/posts\/7403\/revisions"}],"predecessor-version":[{"id":7404,"href":"https:\/\/enlamira.info\/index.php\/wp-json\/wp\/v2\/posts\/7403\/revisions\/7404"}],"wp:featuredmedia":[{"embeddable":true,"href":"https:\/\/enlamira.info\/index.php\/wp-json\/wp\/v2\/media\/7406"}],"wp:attachment":[{"href":"https:\/\/enlamira.info\/index.php\/wp-json\/wp\/v2\/media?parent=7403"}],"wp:term":[{"taxonomy":"category","embeddable":true,"href":"https:\/\/enlamira.info\/index.php\/wp-json\/wp\/v2\/categories?post=7403"},{"taxonomy":"post_tag","embeddable":true,"href":"https:\/\/enlamira.info\/index.php\/wp-json\/wp\/v2\/tags?post=7403"}],"curies":[{"name":"wp","href":"https:\/\/api.w.org\/{rel}","templated":true}]}}