{"id":740,"date":"2024-03-11T11:24:07","date_gmt":"2024-03-11T14:24:07","guid":{"rendered":"https:\/\/enlamira.info\/?p=740"},"modified":"2024-03-11T21:30:18","modified_gmt":"2024-03-12T00:30:18","slug":"viral-javier-mascherano-renovo-a-sus-tres-invitados-a-un-asado","status":"publish","type":"post","link":"https:\/\/enlamira.info\/index.php\/2024\/03\/11\/viral-javier-mascherano-renovo-a-sus-tres-invitados-a-un-asado\/","title":{"rendered":"Viral: Javier Mascherano renov\u00f3 a sus tres invitados a un asado"},"content":{"rendered":"\n<p>El t\u00e9cnico argentino eligi\u00f3 a nuevos invitados por sobre el Papa Francisco, la Madre Teresa y Gandhi.<\/p>\n\n\n\n<p>\u201cEl Papa, la Madre Teresa y Ghandi\u201d:\u00a0los invitados de Javier Mascherano a un asado\u00a0ya son parte de la historia del f\u00fatbol argentino y recurrentemente se recuerdan en las redes sociales.<\/p>\n\n\n\n<p>Sin embargo, tres a\u00f1os despu\u00e9s de aquella nota con&nbsp;<em>Libero<\/em>, el t\u00e9cnico del seleccionado Sub-20 de la Selecci\u00f3n Argentina pudo&nbsp;<strong>redimirse<\/strong>&nbsp;en una entrevista con el diario&nbsp;<em>Ol\u00e9<\/em>.<\/p>\n\n\n\n<p>El medio le propuso renovar los invitados y\u00a0<em>el Jefecito<\/em>\u00a0esta vez la clav\u00f3 al \u00e1ngulo:\u00a0\u201c\u00bfUn asado picante? Llevo a (Dennis) Rodman, al Turco Garc\u00eda y a Ney\u201d.<\/p>\n\n\n\n<figure class=\"wp-block-embed is-type-rich is-provider-twitter wp-block-embed-twitter\"><div class=\"wp-block-embed__wrapper\">\n<blockquote class=\"twitter-tweet\" data-width=\"550\" data-dnt=\"true\"><p lang=\"es\" dir=\"ltr\">\ud83e\udd1d\ud83c\udf56 LOS NUEVOS INVITADOS DE MASCHERANO PARA UN ASADO<br><br>Alguna vez, en <a href=\"https:\/\/twitter.com\/hashtag\/L%C3%ADberoVS?src=hash&amp;ref_src=twsrc%5Etfw\">#L\u00edberoVS<\/a> con <a href=\"https:\/\/twitter.com\/MatiPelliccioni?ref_src=twsrc%5Etfw\">@MatiPelliccioni<\/a>, eligi\u00f3 al Papa, la Madre Teresa y Ghandi<br><br>Ahora, junto a <a href=\"https:\/\/twitter.com\/DiegoPaulich?ref_src=twsrc%5Etfw\">@DiegoPaulich<\/a>, renov\u00f3 invitados \ud83d\udde3\ufe0f<br><br>\ud835\udde6\ud835\uddf2 \ud835\ude03\ud835\uddf6\ud835\uddf2\ud835\uddfb\ud835\uddf2 \ud835\ude02\ud835\uddfb\ud835\uddee \ud835\uddf2\ud835\uddfb\ud835\ude01\ud835\uddff\ud835\uddf2\ud835\ude03\ud835\uddf6\ud835\ude00\ud835\ude01\ud835\uddee \ud835\uddf2\ud835\ude05\ud835\uddf0\ud835\uddf9\ud835\ude02\ud835\ude00\ud835\uddf6\ud835\ude03\ud835\uddee \ud835\uddf2\ud835\uddfb \ud835\uddfb\ud835\ude02\ud835\uddf2\ud835\ude00\ud835\ude01\ud835\uddff\ud835\uddee\u2026 <a href=\"https:\/\/t.co\/oj5pK4wXX8\">pic.twitter.com\/oj5pK4wXX8<\/a><\/p>&mdash; Diario Ol\u00e9 (@DiarioOle) <a href=\"https:\/\/twitter.com\/DiarioOle\/status\/1766252278288105647?ref_src=twsrc%5Etfw\">March 8, 2024<\/a><\/blockquote><script async src=\"https:\/\/platform.twitter.com\/widgets.js\" charset=\"utf-8\"><\/script>\n<\/div><\/figure>\n\n\n\n<p>Mascherano disfruta de la clasificaci\u00f3n y prepara al equipo nacional para los inminentes Juegos Ol\u00edmpicos de Par\u00eds 2024.<\/p>\n\n\n\n<p>El t\u00e9cnico confirm\u00f3 que\u00a0Lionel Messi\u00a0ya conoce su deseo de que est\u00e9 en la cita ol\u00edmpica:\u00a0\u201cLe hemos hecho la invitaci\u00f3n\u00a0para acompa\u00f1arnos en los Juegos Ol\u00edmpicos y quedamos en volver a hablar en un tiempo\u201d.<\/p>\n","protected":false},"excerpt":{"rendered":"<p>El t\u00e9cnico argentino eligi\u00f3 a nuevos invitados por sobre el Papa Francisco, la Madre Teresa y Gandhi. \u201cEl Papa, la Madre Teresa y Ghandi\u201d:\u00a0los invitados de Javier Mascherano a un asado\u00a0ya son parte de la historia del f\u00fatbol argentino y recurrentemente se recuerdan en las redes sociales. Sin embargo, tres a\u00f1os despu\u00e9s de aquella nota [&hellip;]<\/p>\n","protected":false},"author":2,"featured_media":743,"comment_status":"open","ping_status":"open","sticky":false,"template":"","format":"standard","meta":{"footnotes":""},"categories":[14],"tags":[],"_links":{"self":[{"href":"https:\/\/enlamira.info\/index.php\/wp-json\/wp\/v2\/posts\/740"}],"collection":[{"href":"https:\/\/enlamira.info\/index.php\/wp-json\/wp\/v2\/posts"}],"about":[{"href":"https:\/\/enlamira.info\/index.php\/wp-json\/wp\/v2\/types\/post"}],"author":[{"embeddable":true,"href":"https:\/\/enlamira.info\/index.php\/wp-json\/wp\/v2\/users\/2"}],"replies":[{"embeddable":true,"href":"https:\/\/enlamira.info\/index.php\/wp-json\/wp\/v2\/comments?post=740"}],"version-history":[{"count":2,"href":"https:\/\/enlamira.info\/index.php\/wp-json\/wp\/v2\/posts\/740\/revisions"}],"predecessor-version":[{"id":742,"href":"https:\/\/enlamira.info\/index.php\/wp-json\/wp\/v2\/posts\/740\/revisions\/742"}],"wp:featuredmedia":[{"embeddable":true,"href":"https:\/\/enlamira.info\/index.php\/wp-json\/wp\/v2\/media\/743"}],"wp:attachment":[{"href":"https:\/\/enlamira.info\/index.php\/wp-json\/wp\/v2\/media?parent=740"}],"wp:term":[{"taxonomy":"category","embeddable":true,"href":"https:\/\/enlamira.info\/index.php\/wp-json\/wp\/v2\/categories?post=740"},{"taxonomy":"post_tag","embeddable":true,"href":"https:\/\/enlamira.info\/index.php\/wp-json\/wp\/v2\/tags?post=740"}],"curies":[{"name":"wp","href":"https:\/\/api.w.org\/{rel}","templated":true}]}}