{"id":734,"date":"2024-03-11T00:13:25","date_gmt":"2024-03-11T03:13:25","guid":{"rendered":"https:\/\/enlamira.info\/?p=734"},"modified":"2024-03-11T00:15:38","modified_gmt":"2024-03-11T03:15:38","slug":"javier-milei-anulo-su-aumento-salarial-y-cancelara-los-14-millones-de-privilegio-que-cobra-cristina-kirchner","status":"publish","type":"post","link":"https:\/\/enlamira.info\/index.php\/2024\/03\/11\/javier-milei-anulo-su-aumento-salarial-y-cancelara-los-14-millones-de-privilegio-que-cobra-cristina-kirchner\/","title":{"rendered":"Javier Milei anul\u00f3 su aumento salarial y cancelar\u00e1 los $14 millones de privilegio que cobra Cristina Kirchner"},"content":{"rendered":"\n<p>El Presidente anunci\u00f3 que dej\u00f3 sin efecto el decreto que incrementaba su dieta y la de sus ministros en un 48%.El Presidente Javier Milei dio un giro dr\u00e1stico tras un d\u00eda de controversias al anunciar la\u00a0anulaci\u00f3n del aumento de sueldo para los funcionarios del Poder Ejecutivo.\u00a0Este movimiento surge como respuesta a la pol\u00e9mica desatada por los incrementos salariales del 48% que revel\u00f3 la diputada Victoria\u00a0Tolosa Paz, especialmente despu\u00e9s del cruce con la exmandataria\u00a0Cristina\u00a0Fern\u00e1ndez de Kirchner.<\/p>\n\n\n\n<p>A trav\u00e9s de sus redes sociales, Milei confirm\u00f3 la derogaci\u00f3n del aumento y desafi\u00f3 a\u00a0Cristina Kirchner, sugiriendo la\u00a0renuncia a su jubilaci\u00f3n de privilegio y proponiendo asignarle una jubilaci\u00f3n m\u00ednima. Este desaf\u00edo se enmarca en el cruce de acusaciones sobre la responsabilidad en el aumento salarial, donde Milei apunta al decreto firmado por Kirchner en 2010 que establec\u00eda mayores sueldos para la planta pol\u00edtica.<\/p>\n\n\n\n<p>El anuncio del decreto 235\/2024,\u00a0deroga la normativa que vinculaba los aumentos salariales de los cargos pol\u00edticos al personal de la administraci\u00f3n p\u00fablica nacional. Este decreto, compartido por el vocero presidencial Manuel\u00a0Adorni\u00a0en redes sociales, busca revertir la situaci\u00f3n y calmar las aguas en medio de la creciente controversia.<\/p>\n\n\n\n<p>El gesto de Milei no solo implica la revocaci\u00f3n del aumento salarial, sino tambi\u00e9n una jugada pol\u00edtica audaz al desafiar p\u00fablicamente a una figura tan influyente como Cristina Kirchner. Este movimiento resalta la determinaci\u00f3n del presidente de tomar decisiones radicales y enfrentar las cr\u00edticas de manera directa, en un intento por&nbsp;<strong>marcar su impronta<\/strong>&nbsp;en el escenario pol\u00edtico nacional.<\/p>\n","protected":false},"excerpt":{"rendered":"<p>El Presidente anunci\u00f3 que dej\u00f3 sin efecto el decreto que incrementaba su dieta y la de sus ministros en un 48%.El Presidente Javier Milei dio un giro dr\u00e1stico tras un d\u00eda de controversias al anunciar la\u00a0anulaci\u00f3n del aumento de sueldo para los funcionarios del Poder Ejecutivo.\u00a0Este movimiento surge como respuesta a la pol\u00e9mica desatada por [&hellip;]<\/p>\n","protected":false},"author":2,"featured_media":737,"comment_status":"open","ping_status":"open","sticky":false,"template":"","format":"standard","meta":{"footnotes":""},"categories":[20],"tags":[],"_links":{"self":[{"href":"https:\/\/enlamira.info\/index.php\/wp-json\/wp\/v2\/posts\/734"}],"collection":[{"href":"https:\/\/enlamira.info\/index.php\/wp-json\/wp\/v2\/posts"}],"about":[{"href":"https:\/\/enlamira.info\/index.php\/wp-json\/wp\/v2\/types\/post"}],"author":[{"embeddable":true,"href":"https:\/\/enlamira.info\/index.php\/wp-json\/wp\/v2\/users\/2"}],"replies":[{"embeddable":true,"href":"https:\/\/enlamira.info\/index.php\/wp-json\/wp\/v2\/comments?post=734"}],"version-history":[{"count":2,"href":"https:\/\/enlamira.info\/index.php\/wp-json\/wp\/v2\/posts\/734\/revisions"}],"predecessor-version":[{"id":738,"href":"https:\/\/enlamira.info\/index.php\/wp-json\/wp\/v2\/posts\/734\/revisions\/738"}],"wp:featuredmedia":[{"embeddable":true,"href":"https:\/\/enlamira.info\/index.php\/wp-json\/wp\/v2\/media\/737"}],"wp:attachment":[{"href":"https:\/\/enlamira.info\/index.php\/wp-json\/wp\/v2\/media?parent=734"}],"wp:term":[{"taxonomy":"category","embeddable":true,"href":"https:\/\/enlamira.info\/index.php\/wp-json\/wp\/v2\/categories?post=734"},{"taxonomy":"post_tag","embeddable":true,"href":"https:\/\/enlamira.info\/index.php\/wp-json\/wp\/v2\/tags?post=734"}],"curies":[{"name":"wp","href":"https:\/\/api.w.org\/{rel}","templated":true}]}}