{"id":729,"date":"2024-03-11T00:12:06","date_gmt":"2024-03-11T03:12:06","guid":{"rendered":"https:\/\/enlamira.info\/?p=729"},"modified":"2024-03-11T00:17:11","modified_gmt":"2024-03-11T03:17:11","slug":"la-polemica-frase-de-diana-mondino-si-sos-jubilado-es-casi-seguro-que-te-vas-a-morir","status":"publish","type":"post","link":"https:\/\/enlamira.info\/index.php\/2024\/03\/11\/la-polemica-frase-de-diana-mondino-si-sos-jubilado-es-casi-seguro-que-te-vas-a-morir\/","title":{"rendered":"La pol\u00e9mica frase de Diana Mondino: \u201cSi sos jubilado es casi seguro que te vas a morir\u201d"},"content":{"rendered":"\n<p>En medio del esc\u00e1ndalo por la investigaci\u00f3n sobre presuntas irregularidades en la contrataci\u00f3n de seguros de la Anses, la canciller argentina cuestion\u00f3 los cr\u00e9ditos otorgados y lanz\u00f3 una dura frase sobre la tercera edad.<\/p>\n\n\n\n<p>Tras la denuncia por malversaci\u00f3n de fondos p\u00fablicos que tiene como\u00a0imputados\u00a0al expresidente\u00a0Alberto\u00a0Fern\u00e1ndez\u00a0y a varios funcionarios de su Gobierno por irregularidades en la contrataci\u00f3n de los seguros, la canciller\u00a0Diana\u00a0Mondino\u00a0cuestion\u00f3 el m\u00e9todo de financiamiento y gener\u00f3 pol\u00e9mica en las redes sociales con su declaraci\u00f3n.<\/p>\n\n\n\n<p>\u201cYa por definici\u00f3n todos alg\u00fan d\u00eda nos vamos a morir y si sos un jubilado arriba de no s\u00e9 cu\u00e1ntos a\u00f1os, es casi seguro que te vas a morir. Entonces, \u00bfpara qu\u00e9 est\u00e1s haciendo todo este tipo de cosas?\u201d, dijo la funcionaria en el programa de\u00a0Mirtha Legrand, quien recientemente cumpli\u00f3 97 a\u00f1os. Fiel a su estilo, la Chiqui le respondi\u00f3 a la funcionaria con una frase que la dej\u00f3 sin palabras: \u201cYo pienso vivir muchos a\u00f1os m\u00e1s\u201d.<\/p>\n\n\n\n<p>Las declaraciones de\u00a0Mondino\u00a0se dan tras la denuncia que hizo el Gobierno por los seguros que se contrataban para darle cobertura a los jubilados y pensionados que tomaban cr\u00e9ditos de la ANSES. El expresidente Alberto Fern\u00e1ndez ya suma dos imputaciones en la causa que est\u00e1 bajo la supervisi\u00f3n del juez federal\u00a0Juli\u00e1n Ercolini,\u00a0que investiga un supuesto esquema de negocios poco transparentes durante la presidencia de Fern\u00e1ndez, en el cual se creaban contrataciones cautivas de seguros en distintas reparticiones del Estado con la intervenci\u00f3n de empresas privadas a cambio de comisiones.\u00a0Mart\u00ednez Sosa es se\u00f1alado como el broker que se beneficiaba en este esquema.<\/p>\n\n\n\n<p>El esc\u00e1ndalo comenz\u00f3 a ra\u00edz de la\u00a0denuncia del ex titular de ANSES, Osvaldo Giordano, quien detect\u00f3 este esquema en el organismo y lo interrumpi\u00f3 por considerarlo irregular. De acuerdo a la hip\u00f3tesis que sigue la Justicia, la maniobra creaba por un decreto presidencial la obligaci\u00f3n de que las reparticiones del Estado contrato como aseguradora a la empresa Naci\u00f3n Seguros, parte integrante del Banco Naci\u00f3n.<\/p>\n\n\n\n<p>Mondino, adem\u00e1s, asegur\u00f3 que\u00a0Fern\u00e1ndez\u00a0\u201cconoc\u00eda perfectamente los temas\u201d y que \u201cest\u00e1 complicado\u201d en la investigaci\u00f3n. Asimismo, defendi\u00f3 que los organismos p\u00fablicos utilicen el mecanismo del autoseguro para tener cobertura, en lugar de contratarlo con una aseguradora, ya sea p\u00fablica o privada.<\/p>\n","protected":false},"excerpt":{"rendered":"<p>En medio del esc\u00e1ndalo por la investigaci\u00f3n sobre presuntas irregularidades en la contrataci\u00f3n de seguros de la Anses, la canciller argentina cuestion\u00f3 los cr\u00e9ditos otorgados y lanz\u00f3 una dura frase sobre la tercera edad. Tras la denuncia por malversaci\u00f3n de fondos p\u00fablicos que tiene como\u00a0imputados\u00a0al expresidente\u00a0Alberto\u00a0Fern\u00e1ndez\u00a0y a varios funcionarios de su Gobierno por irregularidades en [&hellip;]<\/p>\n","protected":false},"author":2,"featured_media":731,"comment_status":"open","ping_status":"open","sticky":false,"template":"","format":"standard","meta":{"footnotes":""},"categories":[20],"tags":[],"_links":{"self":[{"href":"https:\/\/enlamira.info\/index.php\/wp-json\/wp\/v2\/posts\/729"}],"collection":[{"href":"https:\/\/enlamira.info\/index.php\/wp-json\/wp\/v2\/posts"}],"about":[{"href":"https:\/\/enlamira.info\/index.php\/wp-json\/wp\/v2\/types\/post"}],"author":[{"embeddable":true,"href":"https:\/\/enlamira.info\/index.php\/wp-json\/wp\/v2\/users\/2"}],"replies":[{"embeddable":true,"href":"https:\/\/enlamira.info\/index.php\/wp-json\/wp\/v2\/comments?post=729"}],"version-history":[{"count":2,"href":"https:\/\/enlamira.info\/index.php\/wp-json\/wp\/v2\/posts\/729\/revisions"}],"predecessor-version":[{"id":733,"href":"https:\/\/enlamira.info\/index.php\/wp-json\/wp\/v2\/posts\/729\/revisions\/733"}],"wp:featuredmedia":[{"embeddable":true,"href":"https:\/\/enlamira.info\/index.php\/wp-json\/wp\/v2\/media\/731"}],"wp:attachment":[{"href":"https:\/\/enlamira.info\/index.php\/wp-json\/wp\/v2\/media?parent=729"}],"wp:term":[{"taxonomy":"category","embeddable":true,"href":"https:\/\/enlamira.info\/index.php\/wp-json\/wp\/v2\/categories?post=729"},{"taxonomy":"post_tag","embeddable":true,"href":"https:\/\/enlamira.info\/index.php\/wp-json\/wp\/v2\/tags?post=729"}],"curies":[{"name":"wp","href":"https:\/\/api.w.org\/{rel}","templated":true}]}}