{"id":7183,"date":"2024-06-25T21:16:05","date_gmt":"2024-06-26T00:16:05","guid":{"rendered":"https:\/\/enlamira.info\/?p=7183"},"modified":"2024-06-25T21:37:49","modified_gmt":"2024-06-26T00:37:49","slug":"luis-caputo-arremetio-contra-los-devaluadores-seriales-por-la-suba-del-dolar-blue","status":"publish","type":"post","link":"https:\/\/enlamira.info\/index.php\/2024\/06\/25\/luis-caputo-arremetio-contra-los-devaluadores-seriales-por-la-suba-del-dolar-blue\/","title":{"rendered":"Luis Caputo arremeti\u00f3 contra los \u201cdevaluadores seriales\u201d por la suba del d\u00f3lar blue"},"content":{"rendered":"\n<p>El ministro de Econom\u00eda destac\u00f3 que el d\u00f3lar estadounidense aument\u00f3 solo un 10% en seis meses y se\u00f1al\u00f3 que la gesti\u00f3n anterior enfrent\u00f3 incrementos mayores. Adem\u00e1s, defendi\u00f3 las medidas de ajuste frente a las cr\u00edticas empresariales.<\/p>\n\n\n\n<p>En el marco del cierre de la convenci\u00f3n anual de la C\u00e1mara de Construcci\u00f3n (Camarco), celebrada en el predio de La Rural, el ministro de Econom\u00eda\u00a0Luis Caputo\u00a0abord\u00f3 la situaci\u00f3n econ\u00f3mica marcada por el\u00a0aumento del d\u00f3lar blue a $ 1.365\u00a0y el incremento de la brecha cambiaria al 50%.\u00a0<\/p>\n\n\n\n<p>El titular de Hacienda desestim\u00f3 estos movimientos como \u201cruidos\u201d vinculados a la oposici\u00f3n y critic\u00f3 a los \u201cdevaluadores seriales\u201d. Adem\u00e1s, reiter\u00f3 el compromiso del gobierno de reducir los impuestos para los empresarios.<\/p>\n\n\n\n<p>\u201cEstos ruidos de que se escapa el tipo de cambio porque se fue a $ 1.300, llegamos en 1.080, subi\u00f3 10% en seis meses. Al gobierno anterior se le fue de $ 60 a $ 1.200, subi\u00f3 20 veces.\u00a0No hay m\u00e1s periodistas llorando en televisi\u00f3n en esos cuatro a\u00f1os, se les fue la sensibilidad social, incluso les alcanzaba la plata para ir con sus familias a ver el Mundial de Qatar\u201d, despotric\u00f3 Caputo. Y enfatiz\u00f3: \u201cAhora es un problema porque en seis meses se movi\u00f3 10%\u201d.<\/p>\n\n\n\n<p>Durante el evento, Caputo tambi\u00e9n se refiri\u00f3 a las cr\u00edticas de Emmanuel \u00c1lvarez Agis sobre la apertura del cepo, quien argument\u00f3 que las inversiones no llegar\u00e1n hasta que se levante dicha medida.&nbsp;<\/p>\n\n\n\n<p>\u201cNos dicen (los empresarios) que bajemos impuestos. Claro que nos gustar\u00eda, pero la consecuencia inmediata es que tenemos d\u00e9ficit y ten\u00e9s que financiarlo. Y van a decir ya volvimos al d\u00e9ficit, a ver c\u00f3mo lo financiamos, que se va todo al demonio. Haber hecho eso mal, te restringe esas opciones de pol\u00edtica monetaria\u201d, apunt\u00f3 el ministro.<\/p>\n\n\n\n<p>\u201cUstedes tienen que saber que\u00a0en cuanto la econom\u00eda empiece a crecer vamos a devolv\u00e9rselo con baja de impuestos. Ahora tienen un blanqueo de capitales, es una oportunidad para que regularicen sus situaciones de empresas, empleados y personales. La recaudaci\u00f3n aumenta por la base y porque crece la econom\u00eda. Si conseguimos eso inmediatamente se lo vamos a devolver como baja de impuestos. Si hacemos eso ya estando en equilibrio, r\u00e1pidamente vamos a estar en condiciones de bajar impuestos\u201d, continu\u00f3.<\/p>\n\n\n\n<p>Y afirm\u00f3: \u201cSi esto comienza ahora y seguimos en este proceso y se convierte en un c\u00edrculo virtuoso,\u00a0al final de nuestro mandato vamos a haber reducido el 90% de los impuestos que hay en la Argentina\u201d.<\/p>\n\n\n\n<p>Adem\u00e1s, respondi\u00f3 a las preocupaciones planteadas por el titular de la c\u00e1mara, Gustavo Weiss, sobre la paralizaci\u00f3n de la obra p\u00fablica y la p\u00e9rdida de \u201cm\u00e1s 100 mil puestos de trabajo\u201d. En este punto, responsabiliz\u00f3 a la gesti\u00f3n anterior por los problemas heredados y defendi\u00f3 las medidas de ajuste como necesarias para la reactivaci\u00f3n econ\u00f3mica.<\/p>\n\n\n\n<p>En su contundente discurso, el ministro dispar\u00f3: \u201cEl kirchnerismo no nos llevaba a Alemania, nos llevaba a Venezuela\u201d. Acto seguido, dijo que en mayo se vieron los \u201cmejores\u201d n\u00fameros. \u201cR\u00e9cord de\u00a0super\u00e1vit fiscal, la inflaci\u00f3n cay\u00f3 a la mitad que fue en abril, para los que dec\u00edan que no pod\u00eda bajar del 7%. En marzo y abril empezamos a ver signos de recuperaci\u00f3n, y en mayo se profundizaron\u201d, subray\u00f3.<\/p>\n\n\n\n<p>En ese marco, destac\u00f3:\u00a0\u201cHab\u00eda que tomar medidas dolorosas, pero que eran necesarias, porque hab\u00eda que reducir la inflaci\u00f3n y para eso hab\u00eda que ir al equilibrio fiscal.\u00a0Y se empezaron a resolver los otros problemas, monetarios y cambiarios, de distorsi\u00f3n de precios relativos. En estos seis meses no solo se logr\u00f3 super\u00e1vit fiscal, comercial, de cuenta corriente, una baja de la inflaci\u00f3n\u201d.<\/p>\n\n\n\n<p>Los datos del Indec muestran una ca\u00edda del 5,1% interanual en el PBI durante el primer trimestre, impulsada por una marcada disminuci\u00f3n del\u00a0consumo\u00a0privado y la inversi\u00f3n, exacerbada por la liberaci\u00f3n de precios y la devaluaci\u00f3n del 54% en diciembre.\u00a0<\/p>\n\n\n\n<p>El sector m\u00e1s afectado fue la construcci\u00f3n, con una contracci\u00f3n del 20% debido al freno en la obra p\u00fablica en el marco del plan de ajuste. Esto ha contribuido a un aumento del desempleo al 7,7%, con 1.740.000 personas desocupadas, reflejando los desaf\u00edos persistentes en medio de la recesi\u00f3n econ\u00f3mica.<\/p>\n","protected":false},"excerpt":{"rendered":"<p>El ministro de Econom\u00eda destac\u00f3 que el d\u00f3lar estadounidense aument\u00f3 solo un 10% en seis meses y se\u00f1al\u00f3 que la gesti\u00f3n anterior enfrent\u00f3 incrementos mayores. Adem\u00e1s, defendi\u00f3 las medidas de ajuste frente a las cr\u00edticas empresariales. En el marco del cierre de la convenci\u00f3n anual de la C\u00e1mara de Construcci\u00f3n (Camarco), celebrada en el predio [&hellip;]<\/p>\n","protected":false},"author":2,"featured_media":7186,"comment_status":"open","ping_status":"open","sticky":false,"template":"","format":"standard","meta":{"footnotes":""},"categories":[22],"tags":[],"_links":{"self":[{"href":"https:\/\/enlamira.info\/index.php\/wp-json\/wp\/v2\/posts\/7183"}],"collection":[{"href":"https:\/\/enlamira.info\/index.php\/wp-json\/wp\/v2\/posts"}],"about":[{"href":"https:\/\/enlamira.info\/index.php\/wp-json\/wp\/v2\/types\/post"}],"author":[{"embeddable":true,"href":"https:\/\/enlamira.info\/index.php\/wp-json\/wp\/v2\/users\/2"}],"replies":[{"embeddable":true,"href":"https:\/\/enlamira.info\/index.php\/wp-json\/wp\/v2\/comments?post=7183"}],"version-history":[{"count":1,"href":"https:\/\/enlamira.info\/index.php\/wp-json\/wp\/v2\/posts\/7183\/revisions"}],"predecessor-version":[{"id":7184,"href":"https:\/\/enlamira.info\/index.php\/wp-json\/wp\/v2\/posts\/7183\/revisions\/7184"}],"wp:featuredmedia":[{"embeddable":true,"href":"https:\/\/enlamira.info\/index.php\/wp-json\/wp\/v2\/media\/7186"}],"wp:attachment":[{"href":"https:\/\/enlamira.info\/index.php\/wp-json\/wp\/v2\/media?parent=7183"}],"wp:term":[{"taxonomy":"category","embeddable":true,"href":"https:\/\/enlamira.info\/index.php\/wp-json\/wp\/v2\/categories?post=7183"},{"taxonomy":"post_tag","embeddable":true,"href":"https:\/\/enlamira.info\/index.php\/wp-json\/wp\/v2\/tags?post=7183"}],"curies":[{"name":"wp","href":"https:\/\/api.w.org\/{rel}","templated":true}]}}