{"id":705,"date":"2024-03-11T00:02:59","date_gmt":"2024-03-11T03:02:59","guid":{"rendered":"https:\/\/enlamira.info\/?p=705"},"modified":"2024-03-11T00:23:05","modified_gmt":"2024-03-11T03:23:05","slug":"javier-milei-condeno-el-crimen-del-playero-en-rosario-y-advirtio-son-ellos-o-nosotros","status":"publish","type":"post","link":"https:\/\/enlamira.info\/index.php\/2024\/03\/11\/javier-milei-condeno-el-crimen-del-playero-en-rosario-y-advirtio-son-ellos-o-nosotros\/","title":{"rendered":"Javier Milei conden\u00f3 el crimen del playero en Rosario y advirti\u00f3: \u201cSon ellos o nosotros\u201d"},"content":{"rendered":"\n<p>El Presidente le envi\u00f3 sus condolencias a los familiares del joven asesinado y asegur\u00f3 que su gobierno va a \u201credoblar esfuerzos\u201d contra los sicarios.<\/p>\n\n\n\n<p>Este fin de semana, un\u00a0violento\u00a0sicario asesin\u00f3 de un disparo a quemarropa\u00a0a un joven\u00a0playero\u00a0de 25 a\u00f1os\u00a0en una estaci\u00f3n de servicio de la ciudad. El crimen, perpetrado por un hombre armado que ingres\u00f3 a la oficina del comercio, agudiza la situaci\u00f3n de inseguridad en la localidad santafesina, inmersa en una\u00a0guerra narco\u00a0que no da respiro.<\/p>\n\n\n\n<p>El suceso tuvo lugar poco antes de medianoche del s\u00e1bado en la estaci\u00f3n de servicio ubicada en Mendoza al 7600, donde el atacante dispar\u00f3 tres veces contra la v\u00edctima, caus\u00e1ndole heridas fatales. A pesar de ser trasladado al hospital,\u00a0el joven falleci\u00f3 a causa de dos disparos en el pecho y uno en la cabeza.<\/p>\n\n\n\n<p>La escalada de violencia se refleja en una nota dejada en la escena del crimen dirigida al\u00a0gobernador\u00a0de Santa Fe,\u00a0Maximiliano Pullaro, y al ministro de Seguridad,\u00a0Pablo Cococcioni, firmada por grupos identificados como\u00a0\u201cZona Norte, Zona Sur y Zona Oeste Unidos\u201d. La misiva advierte sobre la continuidad de los homicidios y critica la gesti\u00f3n de la provincia.\u00a0\u201cVamos a matar m\u00e1s inocentes por a\u00f1o\u201d\u00a0dice el mensaje y especifica que estos hechos ocurren por\u00a0\u201cqueremos nuestros derechos\u201d.<\/p>\n\n\n\n<p>Horas despu\u00e9s, ya al mediod\u00eda de este domingo falleci\u00f3 el chofer de trol\u00e9b\u00fas de la l\u00ednea \u201cK\u201d que hab\u00eda sido baleado el jueves. La noticia fue confirmada por la directora del Hospital de Emergencias Clemente \u00c1lvarez (HECA),\u00a0Andrea Becherucci.<\/p>\n\n\n\n<p>El conductor del colectivo se llamaba\u00a0Marcos Iv\u00e1n D\u2019aloia, ten\u00eda 39 a\u00f1os y hab\u00eda sido atacado por sicarios en la esquina de Mendoza y M\u00e9jico, en zona la oeste, cerca de las 19.00.<\/p>\n\n\n\n<p>Ante la brutal amenaza narco, el presidente\u00a0Javier Milei\u00a0lament\u00f3 este domingo la muerte de ambos y asegur\u00f3 que su gobierno va a \u201credoblar esfuerzos\u201d para \u201cencerrar y aislar\u201d a los narcotraficantes que est\u00e1n cometiendo los cr\u00edmenes en esta ciudad.<\/p>\n\n\n\n<p>En su mensaje, el mandatario nacional tambi\u00e9n respald\u00f3 a la ministra de Seguridad,&nbsp;<strong>Patricia Bullrich<\/strong>, que en las pr\u00f3ximas horas viajar\u00e1 a Santa fe para supervisar el inicio de las operaciones del Comit\u00e9 de Crisis que se cre\u00f3 para tratar de controlar la situaci\u00f3n en esa regi\u00f3n de la provincia.<\/p>\n\n\n\n<p>\u201cBruno ten\u00eda 25 a\u00f1os y estaba trabajando cuando lo ejecutaron a sangre fr\u00eda. Env\u00edo mis condolencias a Jimena y su hijo, y a todos los que esta semana perdieron un ser querido en Rosario. S\u00e9 que no hay palabras para aminorar tanto dolor, pero sepan que este gobierno no va a parar hasta que haya justicia\u201d, comenz\u00f3 expresando el jefe de Estado.<\/p>\n\n\n\n<figure class=\"wp-block-embed is-type-rich is-provider-twitter wp-block-embed-twitter\"><div class=\"wp-block-embed__wrapper\">\n<blockquote class=\"twitter-tweet\" data-width=\"550\" data-dnt=\"true\"><p lang=\"es\" dir=\"ltr\">\ud83d\udcf9\ud83d\udea8 (Im\u00e1genes sensibles): As\u00ed fue el asesinato a sangre fr\u00eda al playero en Rosario. <a href=\"https:\/\/t.co\/B9JcRbGQ7G\">pic.twitter.com\/B9JcRbGQ7G<\/a><\/p>&mdash; Nexofin (@Nexofin) <a href=\"https:\/\/twitter.com\/Nexofin\/status\/1766953542730846254?ref_src=twsrc%5Etfw\">March 10, 2024<\/a><\/blockquote><script async src=\"https:\/\/platform.twitter.com\/widgets.js\" charset=\"utf-8\"><\/script>\n<\/div><\/figure>\n\n\n\n<p>Para Milei, \u201cel kirchnerismo y el socialismo entregaron la ciudad a la delincuencia, y hoy lamentamos 4 homicidios en una semana\u201d, por lo que calific\u00f3 a los criminales que est\u00e1n detr\u00e1s de esos hechos como \u201cun grupo de narcoterroristas desesperados por sostener el poder y la impunidad\u201d.<\/p>\n\n\n\n<figure class=\"wp-block-image size-full\"><img loading=\"lazy\" decoding=\"async\" width=\"768\" height=\"768\" src=\"https:\/\/enlamira.info\/wp-content\/uploads\/2024\/03\/image-6.png\" alt=\"\" class=\"wp-image-706\" srcset=\"https:\/\/enlamira.info\/wp-content\/uploads\/2024\/03\/image-6.png 768w, https:\/\/enlamira.info\/wp-content\/uploads\/2024\/03\/image-6-300x300.png 300w, https:\/\/enlamira.info\/wp-content\/uploads\/2024\/03\/image-6-150x150.png 150w\" sizes=\"(max-width: 768px) 100vw, 768px\" \/><\/figure>\n\n\n\n<p>\u201cMientras sea Presidente, no vamos a dejar de perseguirlos. No vamos a dejar de requisar las c\u00e1rceles. No vamos a titubear cuando la vida de un inocente est\u00e9 en juego. No vamos a permitir que sigan gobernando Rosario. Las Fuerzas de Seguridad tienen nuestro apoyo irrestricto para hacer lo que sea necesario para reinstaurar el orden\u201d, resalt\u00f3.<\/p>\n\n\n\n<p>Y agreg\u00f3: \u201cVamos a redoblar esfuerzos, encerrarlos, aislarlos, recuperar las calles y la libertad de los rosarinos. No negociamos, porque sabemos que son ellos o nosotros. Ni un paso atr\u00e1s, ministra\u00a0Patricia Bullrich\u201d.<\/p>\n","protected":false},"excerpt":{"rendered":"<p>El Presidente le envi\u00f3 sus condolencias a los familiares del joven asesinado y asegur\u00f3 que su gobierno va a \u201credoblar esfuerzos\u201d contra los sicarios. Este fin de semana, un\u00a0violento\u00a0sicario asesin\u00f3 de un disparo a quemarropa\u00a0a un joven\u00a0playero\u00a0de 25 a\u00f1os\u00a0en una estaci\u00f3n de servicio de la ciudad. El crimen, perpetrado por un hombre armado que ingres\u00f3 [&hellip;]<\/p>\n","protected":false},"author":2,"featured_media":709,"comment_status":"open","ping_status":"open","sticky":false,"template":"","format":"standard","meta":{"footnotes":""},"categories":[20],"tags":[],"_links":{"self":[{"href":"https:\/\/enlamira.info\/index.php\/wp-json\/wp\/v2\/posts\/705"}],"collection":[{"href":"https:\/\/enlamira.info\/index.php\/wp-json\/wp\/v2\/posts"}],"about":[{"href":"https:\/\/enlamira.info\/index.php\/wp-json\/wp\/v2\/types\/post"}],"author":[{"embeddable":true,"href":"https:\/\/enlamira.info\/index.php\/wp-json\/wp\/v2\/users\/2"}],"replies":[{"embeddable":true,"href":"https:\/\/enlamira.info\/index.php\/wp-json\/wp\/v2\/comments?post=705"}],"version-history":[{"count":2,"href":"https:\/\/enlamira.info\/index.php\/wp-json\/wp\/v2\/posts\/705\/revisions"}],"predecessor-version":[{"id":708,"href":"https:\/\/enlamira.info\/index.php\/wp-json\/wp\/v2\/posts\/705\/revisions\/708"}],"wp:featuredmedia":[{"embeddable":true,"href":"https:\/\/enlamira.info\/index.php\/wp-json\/wp\/v2\/media\/709"}],"wp:attachment":[{"href":"https:\/\/enlamira.info\/index.php\/wp-json\/wp\/v2\/media?parent=705"}],"wp:term":[{"taxonomy":"category","embeddable":true,"href":"https:\/\/enlamira.info\/index.php\/wp-json\/wp\/v2\/categories?post=705"},{"taxonomy":"post_tag","embeddable":true,"href":"https:\/\/enlamira.info\/index.php\/wp-json\/wp\/v2\/tags?post=705"}],"curies":[{"name":"wp","href":"https:\/\/api.w.org\/{rel}","templated":true}]}}