{"id":686,"date":"2024-03-10T23:55:26","date_gmt":"2024-03-11T02:55:26","guid":{"rendered":"https:\/\/enlamira.info\/?p=686"},"modified":"2024-03-11T00:30:46","modified_gmt":"2024-03-11T03:30:46","slug":"con-messi-en-la-platea-inter-miami-cayo-con-montreal-por-la-mls","status":"publish","type":"post","link":"https:\/\/enlamira.info\/index.php\/2024\/03\/10\/con-messi-en-la-platea-inter-miami-cayo-con-montreal-por-la-mls\/","title":{"rendered":"Con Messi en la platea, Inter Miami cay\u00f3 con Montreal por la MLS"},"content":{"rendered":"\n<p>El 10 argentino no fue convocado y su equipo perdi\u00f3 por primera vez en lo que va del 2024.<\/p>\n\n\n\n<p>Con Lionel Messi en la platea, Inter Miami cay\u00f3 con CF Montreal\u00a0por 3-2 en la cuarta fecha de la Conferencia Este de la temporada regular de la MLS.<\/p>\n\n\n\n<p>No caben dudas de que uno de los motivos m\u00e1s importantes\u00a0fue la fuerte infracci\u00f3n que recibi\u00f3 en el \u00faltimo encuentro\u00a0ante Nashville SC y que preocup\u00f3 a todos.\u00a0Messi fue impactado por un planchazo a la altura de la canilla que le torci\u00f3 el tobillo y rodilla izquierda.\u00a0<\/p>\n\n\n\n<p>El rosarino le apuntar\u00e1 a la Concachampions; sin embargo, estuvo presente en el estadio junto a Antonela Roccuzzo para acompa\u00f1ar desde afuera a sus compa\u00f1eros.<\/p>\n\n\n\n<figure class=\"wp-block-embed is-type-rich is-provider-twitter wp-block-embed-twitter\"><div class=\"wp-block-embed__wrapper\">\n<blockquote class=\"twitter-tweet\" data-width=\"550\" data-dnt=\"true\"><p lang=\"es\" dir=\"ltr\">LA PATADA QUE LE DIERON A MESSI. \ud83c\udde6\ud83c\uddf7\ud83d\ude33<a href=\"https:\/\/t.co\/XgMS7wcVRo\">pic.twitter.com\/XgMS7wcVRo<\/a><\/p>&mdash; TR SPORTS (@trsports_) <a href=\"https:\/\/twitter.com\/trsports_\/status\/1765946778480713913?ref_src=twsrc%5Etfw\">March 8, 2024<\/a><\/blockquote><script async src=\"https:\/\/platform.twitter.com\/widgets.js\" charset=\"utf-8\"><\/script>\n<\/div><\/figure>\n\n\n\n<p>Teniendo en cuenta la proximidad del partido de vuelta contra Nashville del mi\u00e9rcoles, Martino tom\u00f3 la decisi\u00f3n de no arriesgar al campe\u00f3n del mundo con la Selecci\u00f3n Argentina en Qatar 2022. Tambi\u00e9n cuid\u00f3 a otros nombres propios muy importantes y habituales titulares como Luis Su\u00e1rez, Sergio Busquets, Diego G\u00f3mez y compa\u00f1\u00eda.<\/p>\n\n\n\n<p>El volante central\u00a0Federico Redondo,\u00a0refuerzo proveniente de Argentinos Juniors, tuvo su debut en\u00a0<em>Las Garzas.<\/em><\/p>\n\n\n\n<p>En el equipo rival,\u00a0Mat\u00edas C\u00f3ccaro anot\u00f3 su primer gol\u00a0desde que se incorpor\u00f3 al equipo canadiense proveniente de Hurac\u00e1n.<\/p>\n\n\n\n<figure class=\"wp-block-embed is-type-rich is-provider-twitter wp-block-embed-twitter\"><div class=\"wp-block-embed__wrapper\">\n<blockquote class=\"twitter-tweet\" data-width=\"550\" data-dnt=\"true\"><p lang=\"und\" dir=\"ltr\">1er but aussi ce soir pour Mat\u00edas C\u00f3ccaro avec le Bleu-blanc-noir! \ud83d\ude4c<br><br>Mat\u00edas C\u00f3ccaro first goal with CF Montr\u00e9al tonight!<a href=\"https:\/\/twitter.com\/hashtag\/CFMTL?src=hash&amp;ref_src=twsrc%5Etfw\">#CFMTL<\/a> <a href=\"https:\/\/t.co\/AcO6QSATqE\">pic.twitter.com\/AcO6QSATqE<\/a><\/p>&mdash; CF Montr\u00e9al (@cfmontreal) <a href=\"https:\/\/twitter.com\/cfmontreal\/status\/1766961771560984627?ref_src=twsrc%5Etfw\">March 10, 2024<\/a><\/blockquote><script async src=\"https:\/\/platform.twitter.com\/widgets.js\" charset=\"utf-8\"><\/script>\n<\/div><\/figure>\n","protected":false},"excerpt":{"rendered":"<p>El 10 argentino no fue convocado y su equipo perdi\u00f3 por primera vez en lo que va del 2024. Con Lionel Messi en la platea, Inter Miami cay\u00f3 con CF Montreal\u00a0por 3-2 en la cuarta fecha de la Conferencia Este de la temporada regular de la MLS. No caben dudas de que uno de los [&hellip;]<\/p>\n","protected":false},"author":2,"featured_media":689,"comment_status":"open","ping_status":"open","sticky":false,"template":"","format":"standard","meta":{"footnotes":""},"categories":[14],"tags":[],"_links":{"self":[{"href":"https:\/\/enlamira.info\/index.php\/wp-json\/wp\/v2\/posts\/686"}],"collection":[{"href":"https:\/\/enlamira.info\/index.php\/wp-json\/wp\/v2\/posts"}],"about":[{"href":"https:\/\/enlamira.info\/index.php\/wp-json\/wp\/v2\/types\/post"}],"author":[{"embeddable":true,"href":"https:\/\/enlamira.info\/index.php\/wp-json\/wp\/v2\/users\/2"}],"replies":[{"embeddable":true,"href":"https:\/\/enlamira.info\/index.php\/wp-json\/wp\/v2\/comments?post=686"}],"version-history":[{"count":1,"href":"https:\/\/enlamira.info\/index.php\/wp-json\/wp\/v2\/posts\/686\/revisions"}],"predecessor-version":[{"id":687,"href":"https:\/\/enlamira.info\/index.php\/wp-json\/wp\/v2\/posts\/686\/revisions\/687"}],"wp:featuredmedia":[{"embeddable":true,"href":"https:\/\/enlamira.info\/index.php\/wp-json\/wp\/v2\/media\/689"}],"wp:attachment":[{"href":"https:\/\/enlamira.info\/index.php\/wp-json\/wp\/v2\/media?parent=686"}],"wp:term":[{"taxonomy":"category","embeddable":true,"href":"https:\/\/enlamira.info\/index.php\/wp-json\/wp\/v2\/categories?post=686"},{"taxonomy":"post_tag","embeddable":true,"href":"https:\/\/enlamira.info\/index.php\/wp-json\/wp\/v2\/tags?post=686"}],"curies":[{"name":"wp","href":"https:\/\/api.w.org\/{rel}","templated":true}]}}