{"id":677,"date":"2024-03-09T15:21:08","date_gmt":"2024-03-09T18:21:08","guid":{"rendered":"https:\/\/enlamira.info\/?p=677"},"modified":"2024-03-09T15:22:07","modified_gmt":"2024-03-09T18:22:07","slug":"la-relacion-entre-las-canas-prematuras-y-el-estres-segun-la-ciencia","status":"publish","type":"post","link":"https:\/\/enlamira.info\/index.php\/2024\/03\/09\/la-relacion-entre-las-canas-prematuras-y-el-estres-segun-la-ciencia\/","title":{"rendered":"La relaci\u00f3n entre las canas prematuras y el estr\u00e9s, seg\u00fan la ciencia"},"content":{"rendered":"\n<p>Qu\u00e9 dice Harvard respecto a la aparici\u00f3n del pelo gris\u00e1ceo<\/p>\n\n\n\n<p>Las situaciones estresantes y la gen\u00e9tica tambi\u00e9n tienen incidencia en la\u00a0aparici\u00f3n de las canas, m\u00e1s all\u00e1 de los a\u00f1os. La gen\u00e9tica juega un papel fundamental, ya que la predisposici\u00f3n al pelo gris se hereda de padres a hijos y algunos factores como la edad, la raza o la exposici\u00f3n a la luz solar tambi\u00e9n pueden influir.<\/p>\n\n\n\n<p>De todas maneras, en su mayor\u00eda, el encanecimiento no est\u00e1 relacionado con el estr\u00e9s, tal y como popularmente se atribuye, sino que las causas pueden ser variadas. En ese sentido, Robert. Shmerling, de la Facultad de Medicina de la Universidad de Harvard estudi\u00f3 la relaci\u00f3n entre ese trastorno y el cabello blanco.<\/p>\n\n\n\n<p>El acad\u00e9mico explica que, en realidad, no se vuelve gris en absoluto. \u201cUna vez que un fol\u00edculo piloso produce cabello, se fija el color. Si un solo mech\u00f3n comienza siendo casta\u00f1o o rojo, negro o rubio, nunca cambiar\u00e1 de color de manera natural, a menos que la persona se ti\u00f1a\u201d, dijo.<\/p>\n\n\n\n<p>Los fol\u00edculos pilosos producen menos color a medida que uno envejece, por lo que cuando el pelo pasa por su ciclo natural, es m\u00e1s probable que crezcan\u00a0canas\u00a0despu\u00e9s de los 35 a\u00f1os. Aunque estamos acostumbrados a relacionar la aparici\u00f3n de las canas con el estr\u00e9s, esto no es as\u00ed.<\/p>\n\n\n\n<p>Lo que s\u00ed provoca el estr\u00e9s es que el pelo se caiga hasta tres veces m\u00e1s r\u00e1pido de lo normal, pero, aun as\u00ed, esto no provoca la calvicie. Lo que pasa es que, a partir de los 35 a\u00f1os en adelante, la regeneraci\u00f3n del cabello provocar\u00e1 que este pierda su pigmentaci\u00f3n, convirti\u00e9ndose en un tono gris\u00e1ceo. Este proceso es conocido como efluvio tel\u00f3geno.<\/p>\n\n\n\n<p>La aparici\u00f3n de canas tambi\u00e9n puede estar asociada a ciertas enfermedades o deficiencias, sobre todo si pasa a una edad muy temprana. El pelo gris no es un indicador clave de la edad, sino de la falta de ciertas vitaminas y presencia de algunas patolog\u00edas, seg\u00fan Harvard. Si bien el estr\u00e9s puede formar parte de cierto proceso para la aparici\u00f3n de canas, su influencia es m\u00ednima, y en algunos casos las enfermedades o las deficiencias son las que las causan con mayor frecuencia.<\/p>\n","protected":false},"excerpt":{"rendered":"<p>Qu\u00e9 dice Harvard respecto a la aparici\u00f3n del pelo gris\u00e1ceo Las situaciones estresantes y la gen\u00e9tica tambi\u00e9n tienen incidencia en la\u00a0aparici\u00f3n de las canas, m\u00e1s all\u00e1 de los a\u00f1os. La gen\u00e9tica juega un papel fundamental, ya que la predisposici\u00f3n al pelo gris se hereda de padres a hijos y algunos factores como la edad, la [&hellip;]<\/p>\n","protected":false},"author":2,"featured_media":679,"comment_status":"open","ping_status":"open","sticky":false,"template":"","format":"standard","meta":{"footnotes":""},"categories":[23],"tags":[],"_links":{"self":[{"href":"https:\/\/enlamira.info\/index.php\/wp-json\/wp\/v2\/posts\/677"}],"collection":[{"href":"https:\/\/enlamira.info\/index.php\/wp-json\/wp\/v2\/posts"}],"about":[{"href":"https:\/\/enlamira.info\/index.php\/wp-json\/wp\/v2\/types\/post"}],"author":[{"embeddable":true,"href":"https:\/\/enlamira.info\/index.php\/wp-json\/wp\/v2\/users\/2"}],"replies":[{"embeddable":true,"href":"https:\/\/enlamira.info\/index.php\/wp-json\/wp\/v2\/comments?post=677"}],"version-history":[{"count":2,"href":"https:\/\/enlamira.info\/index.php\/wp-json\/wp\/v2\/posts\/677\/revisions"}],"predecessor-version":[{"id":680,"href":"https:\/\/enlamira.info\/index.php\/wp-json\/wp\/v2\/posts\/677\/revisions\/680"}],"wp:featuredmedia":[{"embeddable":true,"href":"https:\/\/enlamira.info\/index.php\/wp-json\/wp\/v2\/media\/679"}],"wp:attachment":[{"href":"https:\/\/enlamira.info\/index.php\/wp-json\/wp\/v2\/media?parent=677"}],"wp:term":[{"taxonomy":"category","embeddable":true,"href":"https:\/\/enlamira.info\/index.php\/wp-json\/wp\/v2\/categories?post=677"},{"taxonomy":"post_tag","embeddable":true,"href":"https:\/\/enlamira.info\/index.php\/wp-json\/wp\/v2\/tags?post=677"}],"curies":[{"name":"wp","href":"https:\/\/api.w.org\/{rel}","templated":true}]}}