{"id":664,"date":"2024-03-09T15:16:27","date_gmt":"2024-03-09T18:16:27","guid":{"rendered":"https:\/\/enlamira.info\/?p=664"},"modified":"2024-03-09T15:25:28","modified_gmt":"2024-03-09T18:25:28","slug":"reaparecio-cristina-kirchner-y-volvio-a-apuntar-contra-el-gobierno-de-milei-por-la-caida-de-los-salarios","status":"publish","type":"post","link":"https:\/\/enlamira.info\/index.php\/2024\/03\/09\/reaparecio-cristina-kirchner-y-volvio-a-apuntar-contra-el-gobierno-de-milei-por-la-caida-de-los-salarios\/","title":{"rendered":"Reapareci\u00f3 Cristina Kirchner y volvi\u00f3 a apuntar contra el gobierno de Milei por la ca\u00edda de los salarios"},"content":{"rendered":"\n<p>La expresidenta comparti\u00f3 un gr\u00e1fico en el que muestra la evoluci\u00f3n de los ingresos desde 1995 hasta la actualidad para lanzar una chicana al oficialismo y, nuevamente, defender su gesti\u00f3n.<\/p>\n\n\n\n<p>Despu\u00e9s de revisar la situaci\u00f3n fiscal de las provincias en los \u00faltimos d\u00edas, la expresidenta\u00a0Cristina Kirchner\u00a0cuestion\u00f3 a aquellos que atribuyen una disminuci\u00f3n del poder adquisitivo durante sus gobiernos.\u00a0<\/p>\n\n\n\n<p>\u201cDel 2003 al 2015 el salario en la Argentina creci\u00f3 hasta alcanzar su punto m\u00e1s alto en el \u00faltimo a\u00f1o de mi segundo mandato\u201d, destac\u00f3 la exmandataria en un posteo en la red social X, donde adjunt\u00f3 un gr\u00e1fico de una consultora que muestra la evoluci\u00f3n de las remuneraciones de los trabajadores desde el segundo gobierno de Carlos Menem en 1995 hasta los primeros d\u00edas de la gesti\u00f3n de\u00a0Javier Milei.<\/p>\n\n\n\n<p>\u201cDe la misma consultora (1816, econom\u00eda y estrategia) que realiz\u00f3 el gr\u00e1fico que compart\u00ed hace unos d\u00edas sobre la situaci\u00f3n fiscal de las provincias, les acompa\u00f1o otro que public\u00f3 hoy, esta vez sobre la evoluci\u00f3n de los salarios reales de trabajadores privados estables desde 1995 (segunda presidencia de Carlos Menem) hasta la actualidad, incluyendo estos primeros meses de la presidencia de Javier Milei\u201d, se\u00f1al\u00f3 Cristina Kirchner.<\/p>\n\n\n\n<p>Y a\u00f1adi\u00f3: \u201cEl gr\u00e1fico es m\u00e1s que elocuente sobre el poder adquisitivo del salario de los argentinos durante los distintos gobiernos (individualizados claramente en el mismo) y demoledor en cuanto al discurso tramposo de hablar de los \u201c\u00faltimos 20 a\u00f1os\u201d como si todos hubi\u00e9ramos sido lo mismo. \u00a1No se\u00f1or!\u2026\u00a0Del 2003 al 2015 el salario en la Argentina creci\u00f3 hasta alcanzar su punto m\u00e1s alto en el \u00faltimo a\u00f1o de mi segundo mandato (ese que algunos comentaristas dicen que fue \u201cel malo\u201d), cuando llegamos a tener los mejores salarios de Latinoam\u00e9rica\u201d.<\/p>\n\n\n\n<p>\u201cSi te fij\u00e1s bien, del gr\u00e1fico surge claramente que el proceso de ca\u00edda de los salarios que nos deposita hoy en los m\u00ednimos hist\u00f3ricos (s\u00f3lo registrados luego de la crisis del a\u00f1o 2001) comenz\u00f3 con la vuelta del FMI de la mano de\u00a0Mauricio Macri.\u00a0Que la cuenten como quieran, pero los n\u00fameros son los n\u00fameros y el endeudamiento desenfrenado y la llegada del FMI, fueron, son y ser\u00e1n siempre malas recetas\u201d, arremeti\u00f3 la exmandataria, para luego ironizar: \u201c\u00bfC\u00f3mo es que dicen?\u2026 ah si si, dato mata relato\u201d.<\/p>\n\n\n\n<p>En este contexto, la expresidenta apunt\u00f3 directamente contra el\u00a0Fondo Monetario Internacional (FMI), as\u00ed como contra los gobiernos de Mauricio Macri y de Javier Milei, responsabiliz\u00e1ndolos por la disminuci\u00f3n en el poder adquisitivo de los trabajadores.<\/p>\n\n\n\n<p>Recientemente, comparti\u00f3 un informe que busca distinguir su relaci\u00f3n con los\u00a0gobernadores\u00a0durante su presidencia de la forma en que Javier Milei se relaciona con estos l\u00edderes provinciales actualmente.\u00a0<\/p>\n\n\n\n<p>\u201cQuiero compartir con ustedes uno de los gr\u00e1ficos del trabajo que muestra el desendeudamiento vertiginoso de las provincias argentinas durante mi segunda presidencia, a la que los mismos comentaristas suelen calificar como mi \u2018presidencia mala\u2019\u201d, refut\u00f3. Y cerr\u00f3 con una chicana al oficialismo: \u201c\u00bfC\u00f3mo es que dicen?\u2026 ah si si, dato mata relato\u201d.<\/p>\n\n\n\n<p>Seg\u00fan la exvicepresidenta, su posteo alude, \u201cen tiempos de fuerte discusi\u00f3n\u201d, a que \u201calgunos \u2018analistas\u2019 de la prensa oral, escrita y televisiva intenta comparar los planteos y formas de relacionarse del actual Presidente con mi gesti\u00f3n como presidenta de la Rep\u00fablica\u201d.<\/p>\n\n\n\n<p>\u201cProbablemente hayan escuchado que \u2018Milei es igual a Cristina, que actuaba con los gobernadores con la chequera y l\u00e1tigo\u201d, ejemplifica a continuaci\u00f3n y destaca para terminar que el gr\u00e1fico -que pertenece a la consultora econ\u00f3mica 1816- evidencia \u201ccon quienes se endeudaron, incluso en moneda dura\u201d.<\/p>\n","protected":false},"excerpt":{"rendered":"<p>La expresidenta comparti\u00f3 un gr\u00e1fico en el que muestra la evoluci\u00f3n de los ingresos desde 1995 hasta la actualidad para lanzar una chicana al oficialismo y, nuevamente, defender su gesti\u00f3n. Despu\u00e9s de revisar la situaci\u00f3n fiscal de las provincias en los \u00faltimos d\u00edas, la expresidenta\u00a0Cristina Kirchner\u00a0cuestion\u00f3 a aquellos que atribuyen una disminuci\u00f3n del poder adquisitivo [&hellip;]<\/p>\n","protected":false},"author":2,"featured_media":666,"comment_status":"open","ping_status":"open","sticky":false,"template":"","format":"standard","meta":{"footnotes":""},"categories":[20],"tags":[],"_links":{"self":[{"href":"https:\/\/enlamira.info\/index.php\/wp-json\/wp\/v2\/posts\/664"}],"collection":[{"href":"https:\/\/enlamira.info\/index.php\/wp-json\/wp\/v2\/posts"}],"about":[{"href":"https:\/\/enlamira.info\/index.php\/wp-json\/wp\/v2\/types\/post"}],"author":[{"embeddable":true,"href":"https:\/\/enlamira.info\/index.php\/wp-json\/wp\/v2\/users\/2"}],"replies":[{"embeddable":true,"href":"https:\/\/enlamira.info\/index.php\/wp-json\/wp\/v2\/comments?post=664"}],"version-history":[{"count":2,"href":"https:\/\/enlamira.info\/index.php\/wp-json\/wp\/v2\/posts\/664\/revisions"}],"predecessor-version":[{"id":668,"href":"https:\/\/enlamira.info\/index.php\/wp-json\/wp\/v2\/posts\/664\/revisions\/668"}],"wp:featuredmedia":[{"embeddable":true,"href":"https:\/\/enlamira.info\/index.php\/wp-json\/wp\/v2\/media\/666"}],"wp:attachment":[{"href":"https:\/\/enlamira.info\/index.php\/wp-json\/wp\/v2\/media?parent=664"}],"wp:term":[{"taxonomy":"category","embeddable":true,"href":"https:\/\/enlamira.info\/index.php\/wp-json\/wp\/v2\/categories?post=664"},{"taxonomy":"post_tag","embeddable":true,"href":"https:\/\/enlamira.info\/index.php\/wp-json\/wp\/v2\/tags?post=664"}],"curies":[{"name":"wp","href":"https:\/\/api.w.org\/{rel}","templated":true}]}}