{"id":6589,"date":"2024-06-13T21:55:51","date_gmt":"2024-06-14T00:55:51","guid":{"rendered":"https:\/\/enlamira.info\/?p=6589"},"modified":"2024-06-13T22:10:25","modified_gmt":"2024-06-14T01:10:25","slug":"la-inflacion-de-mayo-fue-del-42-la-mas-baja-registrada-en-los-ultimos-dos-anos","status":"publish","type":"post","link":"https:\/\/enlamira.info\/index.php\/2024\/06\/13\/la-inflacion-de-mayo-fue-del-42-la-mas-baja-registrada-en-los-ultimos-dos-anos\/","title":{"rendered":"La inflaci\u00f3n de mayo fue del 4,2%, la m\u00e1s baja registrada en los \u00faltimos dos a\u00f1os"},"content":{"rendered":"\n<p>Seg\u00fan el INDEC el acumulado interanual lleg\u00f3 a los 276,4%, mientras que en lo que va del a\u00f1o el \u00edndice de precios alcanz\u00f3 el 85%.<\/p>\n\n\n\n<p>En sinton\u00eda con las predicciones\u00a0del Gobierno\u00a0y las consultas privadas, el \u00edndice de precios del mes de mayo mostr\u00f3 una desaceleraci\u00f3n respecto de abril, marcando un\u00a04,2%. Mientras que en acumulado de los \u00faltimos cinco meses obtuvo un\u00a071,9%.<\/p>\n\n\n\n<p>As\u00ed lo revel\u00f3 el\u00a0Instituto Nacional de Estad\u00edsticas y Censos\u00a0(INDEC), que tambi\u00e9n concluy\u00f3 que la inflaci\u00f3n\u00a0interanual es del 276,4%, en los \u00faltimos 12 meses. El marcado descenso del \u00edndice es producto de la fuerte baja en el consumo, producto de la crisis econ\u00f3mica y la recesi\u00f3n que atraviesa el pa\u00eds.<\/p>\n\n\n\n<p>El dato de mayo, es el m\u00e1s bajo desde enero del 2022 cuando el dato de precios marc\u00f3 un 3,8%. A partir de all\u00ed inici\u00f3 una escalada que tuvo su momento culmine en diciembre del 2023, con la fuerte devaluaci\u00f3n de m\u00e1s del 54% que hizo\u00a0la gesti\u00f3n\u00a0de\u00a0Javier Milei\u00a0al tomar el poder, cuando trep\u00f3 al 25,4%, el dato m\u00e1s alto de los \u00faltimos 30 a\u00f1os, en tiempos de hiperinflaci\u00f3n.<\/p>\n\n\n\n<p>Seg\u00fan el informe del organismo que conduce\u00a0Marco Lavagna, el rubro de mayor aumento en mayo fue\u00a0Comunicaci\u00f3n, con un alza del 8,2%\u00a0por las subas en los servicios de telefon\u00eda e Internet. Le siguieron\u00a0Educaci\u00f3n (7,6%), por incrementos en todos los niveles educativos, y\u00a0Bebidas alcoh\u00f3licas y tabaco (6,7%)\u00a0por la suba en los cigarrillos.<\/p>\n\n\n\n<p>\u201cLa divisi\u00f3n con mayor incidencia en todas las regiones fue Alimentos y bebidas no alcoh\u00f3licas (4,8%), donde se destacaron los aumentos de Verduras, tub\u00e9rculos y legumbres; Leche, productos l\u00e1cteos y huevos; y Aceites, grasas y manteca\u201d, agrega el informe oficial. En cuanto a las dos divisiones que registraron menores variaciones fueron\u00a0Salud (0,7%), por bajas en las cuotas de medicina prepaga, y\u00a0Vivienda, agua, electricidad y otros combustibles (2,5%).<\/p>\n\n\n\n<p>En tanto, el ministro de Econom\u00eda\u00a0Luis Caputo, fue el primero en celebrar la noticia a trav\u00e9s de las redes sociales: \u201cCon el dato de mayo, se profundiz\u00f3 el proceso de desinflaci\u00f3n en curso.\u00a0La media m\u00f3vil de tres meses de la variaci\u00f3n del IPC Nacional se ubic\u00f3 en el menor nivel desde julio de 2023, y result\u00f3 casi 6 puntos inferior a la media m\u00f3vil de 6 meses. Este \u00faltimo indicador, que todav\u00eda\u00a0incorpora\u00a0los meses donde se produjeron los principales sinceramientos de precios relativos (tipo de cambio, bienes y servicios bajo controles de precios y tarifas de servicios p\u00fablicos),\u00a0ya es el m\u00e1s bajo desde diciembre\u201d, concluy\u00f3.<\/p>\n","protected":false},"excerpt":{"rendered":"<p>Seg\u00fan el INDEC el acumulado interanual lleg\u00f3 a los 276,4%, mientras que en lo que va del a\u00f1o el \u00edndice de precios alcanz\u00f3 el 85%. En sinton\u00eda con las predicciones\u00a0del Gobierno\u00a0y las consultas privadas, el \u00edndice de precios del mes de mayo mostr\u00f3 una desaceleraci\u00f3n respecto de abril, marcando un\u00a04,2%. Mientras que en acumulado de [&hellip;]<\/p>\n","protected":false},"author":2,"featured_media":6592,"comment_status":"open","ping_status":"open","sticky":false,"template":"","format":"standard","meta":{"footnotes":""},"categories":[22],"tags":[],"_links":{"self":[{"href":"https:\/\/enlamira.info\/index.php\/wp-json\/wp\/v2\/posts\/6589"}],"collection":[{"href":"https:\/\/enlamira.info\/index.php\/wp-json\/wp\/v2\/posts"}],"about":[{"href":"https:\/\/enlamira.info\/index.php\/wp-json\/wp\/v2\/types\/post"}],"author":[{"embeddable":true,"href":"https:\/\/enlamira.info\/index.php\/wp-json\/wp\/v2\/users\/2"}],"replies":[{"embeddable":true,"href":"https:\/\/enlamira.info\/index.php\/wp-json\/wp\/v2\/comments?post=6589"}],"version-history":[{"count":1,"href":"https:\/\/enlamira.info\/index.php\/wp-json\/wp\/v2\/posts\/6589\/revisions"}],"predecessor-version":[{"id":6590,"href":"https:\/\/enlamira.info\/index.php\/wp-json\/wp\/v2\/posts\/6589\/revisions\/6590"}],"wp:featuredmedia":[{"embeddable":true,"href":"https:\/\/enlamira.info\/index.php\/wp-json\/wp\/v2\/media\/6592"}],"wp:attachment":[{"href":"https:\/\/enlamira.info\/index.php\/wp-json\/wp\/v2\/media?parent=6589"}],"wp:term":[{"taxonomy":"category","embeddable":true,"href":"https:\/\/enlamira.info\/index.php\/wp-json\/wp\/v2\/categories?post=6589"},{"taxonomy":"post_tag","embeddable":true,"href":"https:\/\/enlamira.info\/index.php\/wp-json\/wp\/v2\/tags?post=6589"}],"curies":[{"name":"wp","href":"https:\/\/api.w.org\/{rel}","templated":true}]}}