{"id":6474,"date":"2024-06-11T11:48:10","date_gmt":"2024-06-11T14:48:10","guid":{"rendered":"https:\/\/enlamira.info\/?p=6474"},"modified":"2024-06-11T11:55:27","modified_gmt":"2024-06-11T14:55:27","slug":"desde-el-cambio-de-gobierno-se-registraron-casi-100-000-trabajadores-privados-menos","status":"publish","type":"post","link":"https:\/\/enlamira.info\/index.php\/2024\/06\/11\/desde-el-cambio-de-gobierno-se-registraron-casi-100-000-trabajadores-privados-menos\/","title":{"rendered":"Desde el cambio de Gobierno se registraron casi 100.000 trabajadores privados menos"},"content":{"rendered":"\n<p>Seg\u00fan datos del SIPA, desde fines de noviembre hubo una disminuci\u00f3n de 94.900 empleados privados. El rubro m\u00e1s comprometido fue la construcci\u00f3n y la provincia m\u00e1s afectada fue Buenos Aires.<\/p>\n\n\n\n<p>En un contexto de severo ajuste del gasto y de contracci\u00f3n en la actividad econ\u00f3mica, que aparentemente alcanz\u00f3 su punto m\u00e1s bajo en marzo, entre el inicio del gobierno de\u00a0Javier Milei\u00a0y el tercer mes del presente a\u00f1o se observa una\u00a0disminuci\u00f3n de casi 100.000 trabajadores registrados en el sector privado.\u00a0Estos datos provienen del Sistema Integrado Previsional Argentino (SIPA), el cual registra que durante ese lapso desaparecieron del sistema 94.900 empleados en dicho segmento.<\/p>\n\n\n\n<p>El declive en la cantidad de empleados registrados coincide con una disminuci\u00f3n en la preocupaci\u00f3n por la\u00a0inflaci\u00f3n, la cual ha venido desaceler\u00e1ndose desde diciembre pasado. En este sentido, seg\u00fan las encuestas realizadas entre los argentinos, el miedo a perder el empleo est\u00e1 en ascenso, desplazando a la inflaci\u00f3n del primer lugar de preocupaciones.\u00a0<\/p>\n\n\n\n<p>Un estudio de la encuestadora D\u2019Alessio Irol\/Berensztein se\u00f1ala que por primera vez desde enero de 2021, la inflaci\u00f3n no es el tema principal de preocupaci\u00f3n, cayendo cerca de 25 puntos porcentuales desde la asunci\u00f3n de Milei (del 90% en noviembre y diciembre de 2023 al 66% en mayo de 2024). En cambio, la incertidumbre econ\u00f3mica ocupa el primer lugar, acumulando un 68%.<\/p>\n\n\n\n<p>Seg\u00fan las cifras oficiales, la mayor\u00eda de los trabajadores que dejaron de estar registrados en el SIPA son del\u00a0sector de la construcci\u00f3n, con un total de 55.800 afectados, siendo esta actividad la m\u00e1s golpeada por la detenci\u00f3n de la obra p\u00fablica dispuesta por el Ministerio de Econom\u00eda liderado por Luis Caputo.<\/p>\n\n\n\n<p>Adem\u00e1s de las disminuciones mencionadas, tambi\u00e9n se observaron descensos significativos en otros sectores: la Industria registr\u00f3 una baja de 12.500 empleados, el Comercio de 5.700, las Actividades Inmobiliarias, Empresariales y de Alquiler de 10.100, y el Transporte, Almacenamiento y Comunicaci\u00f3n de 5.000.&nbsp;<\/p>\n\n\n\n<p>Por otro lado, se destacaron mejoras en los sectores agr\u00edcola (4.700 empleados adicionales), explotaci\u00f3n de minas y canteras (1.400) y suministro de electricidad, gas y agua (aproximadamente 100). Estos \u00faltimos segmentos parecen estar siendo impulsados por el\u00a0modelo econ\u00f3mico\u00a0de Javier Milei.<\/p>\n\n\n\n<p>Seg\u00fan los registros de la Secretar\u00eda de Trabajo,\u00a0la provincia m\u00e1s afectada por la disminuci\u00f3n de empleados privados registrados fue Buenos Aires, con una ca\u00edda de 37.000 trabajadores.\u00a0Le siguieron la Ciudad Aut\u00f3noma de Buenos Aires (9.700), Santa Fe (7.600) y C\u00f3rdoba (7.100).<\/p>\n\n\n\n<p>Los n\u00fameros preliminares oficiales que anticipan el movimiento del SIPA indican que la contracci\u00f3n del mercado laboral persisti\u00f3 en abril. Seg\u00fan la Encuesta de Indicadores Laborales (EIL), el empleo privado registrado en empresas con m\u00e1s de 10 empleados en los aglomerados urbanos relevados experiment\u00f3 una reducci\u00f3n del 0.4% en abril en comparaci\u00f3n con marzo.<\/p>\n\n\n\n<p>\u201cCon esta variaci\u00f3n, se verifican \u2013en los principales aglomerados del pa\u00eds\u2013 cinco meses consecutivos de ca\u00edda neta del empleo, y se acumula (de diciembre de 2023 a abril de 2024) una reducci\u00f3n de 1,9%\u201d, indicaron en la Secretar\u00eda de Trabajo.<\/p>\n\n\n\n<p>Fuentes del sector asegurador confirman esta tendencia negativa durante el mes de abril. En este punto, se ha observado una disminuci\u00f3n en las cifras de las Aseguradoras de Riesgos del Trabajo (ART), que se consideran un indicador similar al empleo registrado tanto en el sector p\u00fablico como privado. En el primer cuatrimestre del a\u00f1o, estas cifras cayeron en promedio un 1.9%.<\/p>\n\n\n\n<p>Los sectores m\u00e1s afectados, seg\u00fan se\u00f1alan, son la construcci\u00f3n (-15%), el transporte (-8%), seguidos por el comercio y la industria, donde se registra una ca\u00edda mensual de entre 2.000 y 4.000 trabajadores.&nbsp;<\/p>\n\n\n\n<p>Por otro lado, la miner\u00eda y el sector agr\u00edcola contin\u00faan creciendo, mientras que los servicios financieros se mantienen estables. En cuanto a los servicios sociales, donde se incluyen los trabajadores p\u00fablicos, se observa una disminuci\u00f3n del 2%.<\/p>\n\n\n\n<p>Los registros del SIPA tambi\u00e9n proporcionan una visi\u00f3n de la\u00a0cantidad de empleados p\u00fablicos registrados\u00a0que han dejado de estarlo desde que Milei asumi\u00f3 el cargo ejecutivo. Desde que el gobierno libertario tom\u00f3 el mando, se ha observado una disminuci\u00f3n de 21.700 trabajadores p\u00fablicos.<\/p>\n\n\n\n<p>Es importante destacar que la reducci\u00f3n del empleo privado registrado no comenz\u00f3 con el gobierno actual. Incluso durante la gesti\u00f3n de\u00a0Alberto Fern\u00e1ndez\u00a0y Cristina Kirchner, comenzaron a verse ajustes en el mercado laboral, aparte de la importante p\u00e9rdida de ingresos entre los ocupados.<\/p>\n\n\n\n<p>\u201cDe acuerdo al SIPA, con la reducci\u00f3n verificada en marzo, la fase contractiva del empleo formal se extiende ya durante siete meses (entre septiembre de 2023 y marzo de 2024). En ese per\u00edodo, alrededor de 127.000 personas se desvincularon de puestos de trabajo registrados en empresas privadas\u201d, se\u00f1al\u00f3 el documento que difundi\u00f3 el Gobierno.<\/p>\n\n\n\n<p>El a\u00f1o pasado, el Producto Interno Bruto (PBI) experiment\u00f3 una ca\u00edda del 1,6%, mientras que la inflaci\u00f3n alcanz\u00f3 el 21,.4% (la m\u00e1s alta en m\u00e1s de 30 a\u00f1os), lo que adem\u00e1s provoc\u00f3 una disminuci\u00f3n del 20,2% en los salarios del sector p\u00fablico, del 14,7% en el sector privado y del 31% en el sector privado no registrado.<\/p>\n\n\n\n<p>Asimismo, cabe resaltar que casi la mitad de la fuerza laboral argentina trabaja en la informalidad o como trabajadores independientes. Por esta raz\u00f3n, muchos de estos trabajadores no est\u00e1n incluidos en el SIPA.&nbsp;Seg\u00fan la Cuenta de Generaci\u00f3n del Ingreso e Insumo de Mano de Obra del Indec, a finales del a\u00f1o pasado hab\u00eda 23 millones de puestos de trabajo en Argentina. Un poco m\u00e1s de la mitad de estos (11,2 millones) son empleados formales con sueldos declarados. La otra mitad se divide entre empleados no registrados (5,7 millones) y trabajadores por cuenta propia (5,9 millones).&nbsp;<\/p>\n\n\n\n<p>Seg\u00fan el SIPA, que es un registro y no una encuesta, a finales de febrero pasado hab\u00eda un total de 13,3 millones de trabajadores registrados (tanto en el sector p\u00fablico como privado, incluyendo aut\u00f3nomos y monotributistas).<\/p>\n\n\n\n<p>El pr\u00f3ximo dato elaborado por la Encuesta Permanente de Hogares (EPH) del Indec se dar\u00e1 a conocer el pr\u00f3ximo 24 de junio, lo que proporcionar\u00e1 una nueva visi\u00f3n sobre la situaci\u00f3n del desempleo durante los primeros tres meses del gobierno libertario.<\/p>\n","protected":false},"excerpt":{"rendered":"<p>Seg\u00fan datos del SIPA, desde fines de noviembre hubo una disminuci\u00f3n de 94.900 empleados privados. El rubro m\u00e1s comprometido fue la construcci\u00f3n y la provincia m\u00e1s afectada fue Buenos Aires. En un contexto de severo ajuste del gasto y de contracci\u00f3n en la actividad econ\u00f3mica, que aparentemente alcanz\u00f3 su punto m\u00e1s bajo en marzo, entre [&hellip;]<\/p>\n","protected":false},"author":2,"featured_media":6477,"comment_status":"open","ping_status":"open","sticky":false,"template":"","format":"standard","meta":{"footnotes":""},"categories":[22],"tags":[],"_links":{"self":[{"href":"https:\/\/enlamira.info\/index.php\/wp-json\/wp\/v2\/posts\/6474"}],"collection":[{"href":"https:\/\/enlamira.info\/index.php\/wp-json\/wp\/v2\/posts"}],"about":[{"href":"https:\/\/enlamira.info\/index.php\/wp-json\/wp\/v2\/types\/post"}],"author":[{"embeddable":true,"href":"https:\/\/enlamira.info\/index.php\/wp-json\/wp\/v2\/users\/2"}],"replies":[{"embeddable":true,"href":"https:\/\/enlamira.info\/index.php\/wp-json\/wp\/v2\/comments?post=6474"}],"version-history":[{"count":1,"href":"https:\/\/enlamira.info\/index.php\/wp-json\/wp\/v2\/posts\/6474\/revisions"}],"predecessor-version":[{"id":6475,"href":"https:\/\/enlamira.info\/index.php\/wp-json\/wp\/v2\/posts\/6474\/revisions\/6475"}],"wp:featuredmedia":[{"embeddable":true,"href":"https:\/\/enlamira.info\/index.php\/wp-json\/wp\/v2\/media\/6477"}],"wp:attachment":[{"href":"https:\/\/enlamira.info\/index.php\/wp-json\/wp\/v2\/media?parent=6474"}],"wp:term":[{"taxonomy":"category","embeddable":true,"href":"https:\/\/enlamira.info\/index.php\/wp-json\/wp\/v2\/categories?post=6474"},{"taxonomy":"post_tag","embeddable":true,"href":"https:\/\/enlamira.info\/index.php\/wp-json\/wp\/v2\/tags?post=6474"}],"curies":[{"name":"wp","href":"https:\/\/api.w.org\/{rel}","templated":true}]}}