{"id":646,"date":"2024-03-09T15:11:53","date_gmt":"2024-03-09T18:11:53","guid":{"rendered":"https:\/\/enlamira.info\/?p=646"},"modified":"2024-03-09T15:29:15","modified_gmt":"2024-03-09T18:29:15","slug":"mas-de-la-mitad-de-los-comedores-comunitarios-que-figuraban-como-registrados-en-el-estado-no-existen","status":"publish","type":"post","link":"https:\/\/enlamira.info\/index.php\/2024\/03\/09\/mas-de-la-mitad-de-los-comedores-comunitarios-que-figuraban-como-registrados-en-el-estado-no-existen\/","title":{"rendered":"M\u00e1s de la mitad de los comedores comunitarios que figuraban como registrados en el Estado, no existen"},"content":{"rendered":"\n<p>El dato se desprende de un relevamiento realizado por el Ministerio de Capital Humano. En el Registro Nacional de Comedores y Merenderos Comunitarios hay 44.314, de los cu\u00e1les el 55% no fueron encontrados.<\/p>\n\n\n\n<p>Un trabajo\u00a0realizado\u00a0por la cartera de\u00a0Capital\u00a0Humano, a cargo de la ministra\u00a0Sandra\u00a0Pettovello\u00a0revel\u00f3 un dato abrumador acerca de la asistencia social: \u201cHasta el momento, el 55% de los comedores relevados no existen\u201d, confirm\u00f3 el documento.<\/p>\n\n\n\n<p>A su vez, del total de 44.314 comedores inscriptos en el\u00a0Registro Nacional de Comedores\u00a0(RENACOM), apenas el 10%, unos 4.430 fueron \u2018matriculados\u2019 por la administraci\u00f3n del Frente de Todos y solo 2.314 recib\u00edan asistencia por parte del Estado porque as\u00ed lo requirieron.<\/p>\n\n\n\n<p>As\u00ed, la dependencia estatal detect\u00f3 que durante la gesti\u00f3n\u00a0Fern\u00e1ndez\u00a0el 4,2% de los alimentos secos que eran destinados a los comedores y merenderos comunitarios sal\u00edan de los galpones del ex ministerio de Desarrollo Social, eran trasladados a los dep\u00f3sitos de organizaciones sociales que forman parte de la Uni\u00f3n Trabajadores de la Econom\u00eda Popular (UTEP), como el Movimiento Evita, el MTE, la CCC o Somos Barrios de Pie y de la Unidad Piquetera, como el Polo Obrero, Libres del Sur o el Frente de Organizaciones en Lucha \u201cy de ah\u00ed, de manera discrecional y extorsiva iban supuestamente a los comedores y merenderos que depend\u00edan de esas agrupaciones\u201d, destacaron los funcionarios de Capital Humano consultados por Infobae. Apenas el 8% de esa mercader\u00eda era rendida \u201cde manera informal\u201d a la ex cartera de Desarrollo Social que fue conducida por Daniel Arroyo, Juan Zavaleta y Victoria Tolosa Paz.<\/p>\n\n\n\n<p>A partir de ahora, el 50% de ese monto total, que era de casi 80 mil millones de pesos, ser\u00e1 vehiculizado a trav\u00e9s del Programa Alimentar Comunidad. Una especie de tarjeta de prepago a trav\u00e9s de la cual los responsables de los comedores debidamente acreditados, se les girar\u00e1 dinero para la compra no solo de arroz, fideos y yerba, sino de otros alimentos de mayor contenido proteico como l\u00e1cteos, carnes, verduras, frutas y hasta alimentos para cel\u00edacos si es necesario.<\/p>\n\n\n\n<p>\u201cLa idea es que cada comedor compre lo que necesite, no lo que el Estado quiera\u201d, explicaron desde la Secretar\u00eda de Ni\u00f1ez, Adolescencia y Familia, la continuadora que Desarrollo Social que est\u00e1 bajo la \u00f3rbita de Capital Humano. Tambi\u00e9n recalcaron que los gastos \u201cdeber\u00e1n ser rendidos para continuar con el beneficio. De esta manera, adem\u00e1s de agregar valor nutricional a las comidas, existir\u00e1 \u201ctransparencia\u201d y trazabilidad de los alimentos\u201d y a qui\u00e9nes llegan,\u201d un hecho que hasta ahora no ocurr\u00eda\u201d, informaron.<\/p>\n\n\n\n<p>En las planillas de rendiciones se deb\u00eda indicar el barrio donde estaba localizado el comedor o merendero, la ubicaci\u00f3n exacta, nombrar a la organizaci\u00f3n comunitaria a la que pertenece, la antig\u00fcedad, la cantidad de personas que asisten, qu\u00e9 alimentos y de qu\u00e9 forma se asiste -como viandas en el lugar- y, entre otros datos, la asistencia que se recibi\u00f3 por parte del Estado. El 92% de los supuestos beneficiarios no cumplieron con el tr\u00e1mite.<\/p>\n","protected":false},"excerpt":{"rendered":"<p>El dato se desprende de un relevamiento realizado por el Ministerio de Capital Humano. En el Registro Nacional de Comedores y Merenderos Comunitarios hay 44.314, de los cu\u00e1les el 55% no fueron encontrados. Un trabajo\u00a0realizado\u00a0por la cartera de\u00a0Capital\u00a0Humano, a cargo de la ministra\u00a0Sandra\u00a0Pettovello\u00a0revel\u00f3 un dato abrumador acerca de la asistencia social: \u201cHasta el momento, el [&hellip;]<\/p>\n","protected":false},"author":2,"featured_media":648,"comment_status":"open","ping_status":"open","sticky":false,"template":"","format":"standard","meta":{"footnotes":""},"categories":[14],"tags":[],"_links":{"self":[{"href":"https:\/\/enlamira.info\/index.php\/wp-json\/wp\/v2\/posts\/646"}],"collection":[{"href":"https:\/\/enlamira.info\/index.php\/wp-json\/wp\/v2\/posts"}],"about":[{"href":"https:\/\/enlamira.info\/index.php\/wp-json\/wp\/v2\/types\/post"}],"author":[{"embeddable":true,"href":"https:\/\/enlamira.info\/index.php\/wp-json\/wp\/v2\/users\/2"}],"replies":[{"embeddable":true,"href":"https:\/\/enlamira.info\/index.php\/wp-json\/wp\/v2\/comments?post=646"}],"version-history":[{"count":2,"href":"https:\/\/enlamira.info\/index.php\/wp-json\/wp\/v2\/posts\/646\/revisions"}],"predecessor-version":[{"id":649,"href":"https:\/\/enlamira.info\/index.php\/wp-json\/wp\/v2\/posts\/646\/revisions\/649"}],"wp:featuredmedia":[{"embeddable":true,"href":"https:\/\/enlamira.info\/index.php\/wp-json\/wp\/v2\/media\/648"}],"wp:attachment":[{"href":"https:\/\/enlamira.info\/index.php\/wp-json\/wp\/v2\/media?parent=646"}],"wp:term":[{"taxonomy":"category","embeddable":true,"href":"https:\/\/enlamira.info\/index.php\/wp-json\/wp\/v2\/categories?post=646"},{"taxonomy":"post_tag","embeddable":true,"href":"https:\/\/enlamira.info\/index.php\/wp-json\/wp\/v2\/tags?post=646"}],"curies":[{"name":"wp","href":"https:\/\/api.w.org\/{rel}","templated":true}]}}