{"id":641,"date":"2024-03-09T15:10:57","date_gmt":"2024-03-09T18:10:57","guid":{"rendered":"https:\/\/enlamira.info\/?p=641"},"modified":"2024-03-09T15:30:18","modified_gmt":"2024-03-09T18:30:18","slug":"sebastian-sosa-rompio-el-silencio-tras-la-denuncia-por-abuso-sexual","status":"publish","type":"post","link":"https:\/\/enlamira.info\/index.php\/2024\/03\/09\/sebastian-sosa-rompio-el-silencio-tras-la-denuncia-por-abuso-sexual\/","title":{"rendered":"Sebasti\u00e1n Sosa rompi\u00f3 el silencio tras la denuncia por abuso sexual"},"content":{"rendered":"\n<p>El arquero uruguayo, fue uno de los cuatro futbolistas denunciados y dej\u00f3 un mensaje en redes sociales en medio del esc\u00e1ndalo que conmociona a V\u00e9lez y al f\u00fatbol argentino.<\/p>\n\n\n\n<p>Sebasti\u00e1n Sosa, arquero de\u00a0V\u00e9lez, rompi\u00f3 el silencio\u00a0tras haber sido denunciado por abuso sexual.\u00a0Es el primero de los cuatro futbolistas del Fort\u00edn que se expresa p\u00fablicamente tras la grav\u00edsima denuncia de una joven mujer tucumana, que involucr\u00f3 tambi\u00e9n a\u00a0Braian Cufr\u00e9, Abiel Osorio y Jos\u00e9 Florent\u00edn.\u00a0<\/p>\n\n\n\n<p>El hecho habr\u00eda sido en la madrugada del pasado domingo 3 de marzo, en el hotel donde concentraba el equipo de Gustavo Quinteros en San Miguel de Tucum\u00e1n.\u00a0El club decidi\u00f3 separarlos del plantel.<\/p>\n\n\n\n<p><em>\u201cRepudio la violencia de cualquier tipo. Respeto la integridad fisica y sexual de toda persona. Conf\u00edo en la r\u00e1pida acci\u00f3n de la justicia\u201d<\/em>, afirm\u00f3 el jugador en sus redes sociales, en medio del esc\u00e1ndalo que conmociona al Fort\u00edn y al f\u00fatbol argentino.<\/p>\n\n\n\n<figure class=\"wp-block-image size-large\"><img loading=\"lazy\" decoding=\"async\" width=\"660\" height=\"1024\" src=\"https:\/\/enlamira.info\/wp-content\/uploads\/2024\/03\/image-3-660x1024.png\" alt=\"\" class=\"wp-image-642\" srcset=\"https:\/\/enlamira.info\/wp-content\/uploads\/2024\/03\/image-3-660x1024.png 660w, https:\/\/enlamira.info\/wp-content\/uploads\/2024\/03\/image-3-193x300.png 193w, https:\/\/enlamira.info\/wp-content\/uploads\/2024\/03\/image-3.png 720w\" sizes=\"(max-width: 660px) 100vw, 660px\" \/><\/figure>\n\n\n\n<p>Seg\u00fan inform\u00f3 la Unidad Fiscal de Abuso Contra la Integridad Sexual Nro. 1, M. -quien es estudiante de periodismo deportivo- se contact\u00f3 con el arquero Sebasti\u00e1n Sosa a trav\u00e9s de la aplicaci\u00f3n Instagram:\u00a0el jugador la habr\u00eda invitado al hotel Hilton luego del partido.<\/p>\n\n\n\n<p>La joven asisti\u00f3 y, cuando fue a la habitaci\u00f3n, tambi\u00e9n se encontr\u00f3 con Cufr\u00e9, Osorio y Florent\u00edn.\u00a0Seg\u00fan figura en la denuncia, compartieron \u201clatas de cerveza\u201d y \u201cluego le ofrecieron fernet\u201d. En ese momento, ella<em>\u00a0\u201ccomenz\u00f3 a sentirse mal, muy mareada\u201d<\/em>\u00a0y, cuando se recost\u00f3 en una de las camas,\u00a0habr\u00eda sido abusada sexualmente sin ning\u00fan consentimiento.<\/p>\n","protected":false},"excerpt":{"rendered":"<p>El arquero uruguayo, fue uno de los cuatro futbolistas denunciados y dej\u00f3 un mensaje en redes sociales en medio del esc\u00e1ndalo que conmociona a V\u00e9lez y al f\u00fatbol argentino. Sebasti\u00e1n Sosa, arquero de\u00a0V\u00e9lez, rompi\u00f3 el silencio\u00a0tras haber sido denunciado por abuso sexual.\u00a0Es el primero de los cuatro futbolistas del Fort\u00edn que se expresa p\u00fablicamente tras [&hellip;]<\/p>\n","protected":false},"author":2,"featured_media":645,"comment_status":"open","ping_status":"open","sticky":false,"template":"","format":"standard","meta":{"footnotes":""},"categories":[14],"tags":[],"_links":{"self":[{"href":"https:\/\/enlamira.info\/index.php\/wp-json\/wp\/v2\/posts\/641"}],"collection":[{"href":"https:\/\/enlamira.info\/index.php\/wp-json\/wp\/v2\/posts"}],"about":[{"href":"https:\/\/enlamira.info\/index.php\/wp-json\/wp\/v2\/types\/post"}],"author":[{"embeddable":true,"href":"https:\/\/enlamira.info\/index.php\/wp-json\/wp\/v2\/users\/2"}],"replies":[{"embeddable":true,"href":"https:\/\/enlamira.info\/index.php\/wp-json\/wp\/v2\/comments?post=641"}],"version-history":[{"count":1,"href":"https:\/\/enlamira.info\/index.php\/wp-json\/wp\/v2\/posts\/641\/revisions"}],"predecessor-version":[{"id":643,"href":"https:\/\/enlamira.info\/index.php\/wp-json\/wp\/v2\/posts\/641\/revisions\/643"}],"wp:featuredmedia":[{"embeddable":true,"href":"https:\/\/enlamira.info\/index.php\/wp-json\/wp\/v2\/media\/645"}],"wp:attachment":[{"href":"https:\/\/enlamira.info\/index.php\/wp-json\/wp\/v2\/media?parent=641"}],"wp:term":[{"taxonomy":"category","embeddable":true,"href":"https:\/\/enlamira.info\/index.php\/wp-json\/wp\/v2\/categories?post=641"},{"taxonomy":"post_tag","embeddable":true,"href":"https:\/\/enlamira.info\/index.php\/wp-json\/wp\/v2\/tags?post=641"}],"curies":[{"name":"wp","href":"https:\/\/api.w.org\/{rel}","templated":true}]}}