{"id":6350,"date":"2024-06-09T22:54:23","date_gmt":"2024-06-10T01:54:23","guid":{"rendered":"https:\/\/enlamira.info\/?p=6350"},"modified":"2024-06-09T23:09:08","modified_gmt":"2024-06-10T02:09:08","slug":"guillermo-francos-el-50-de-los-argentinos-no-son-pobres-no-pasa-eso","status":"publish","type":"post","link":"https:\/\/enlamira.info\/index.php\/2024\/06\/09\/guillermo-francos-el-50-de-los-argentinos-no-son-pobres-no-pasa-eso\/","title":{"rendered":"Guillermo Francos: \u201cEl 50% de los argentinos no son pobres, no pasa eso\u201d"},"content":{"rendered":"\n<p>En una nueva entrevista televisiva, el jefe de Gabinete puso en duda los datos que miden la situaci\u00f3n social en el pa\u00eds.<\/p>\n\n\n\n<p>El jefe de Gabinete,\u00a0Guillermo\u00a0Francos, inici\u00f3 una nueva pol\u00e9mica respecto al rumbo\u00a0econ\u00f3mico\u00a0del gobierno de\u00a0Javier Milei.<\/p>\n\n\n\n<p>Por un lado, el funcionario reconoci\u00f3 que el clima social del pa\u00eds no es el mejor. Sin embargo, neg\u00f3 que eso implique que el 50% de las personas que vive en Argentina es pobre.<\/p>\n\n\n\n<p>\u201cVos recorr\u00e9s las calles de Buenos Aires, \u00bfno? Sin duda, no estamos en nuestro mejor momento, pero bueno, puedo decir que el 50% de las personas que vive en la Argentina no son pobres. No pasa eso\u201d, contest\u00f3 el funcionario en una entrevista que public\u00f3 el diario espa\u00f1ol El Pa\u00eds cuando se le pregunt\u00f3 por qu\u00e9 aument\u00f3 la pobreza en Argentina.<\/p>\n\n\n\n<p>Vale aclarar que las \u00faltimas cifras -correspondientes al segundo semestre del 2023- que difundi\u00f3 el Indec muestran que el 41,7% de la poblaci\u00f3n viv\u00eda bajo la l\u00ednea de pobreza. A mediados de mayo, la Universidad Torcuato Di Tella estim\u00f3 que a abril de 2024 alcanzaba a un 48,9% de la poblaci\u00f3n, y el Observatorio de la Deuda Social Argentina de la UCA la calcul\u00f3 en 55%.<\/p>\n\n\n\n<p>\u201cSalgamos a caminar y decime si vos ves el 50% de pobres (\u2026) Salgamos por donde vos quieras. Si son 50% de pobres significa que esa gente no tiene para comer, \u00bfno? Pero no quiero meterme en una discusi\u00f3n que por ah\u00ed me supera y no tengo la metodolog\u00eda\u201d, indic\u00f3\u00a0Francos\u00a0ante el medio ya mencionado.<\/p>\n\n\n\n<h3 class=\"wp-block-heading\">Milei buscar\u00e1 la reelecci\u00f3n en 2027<\/h3>\n\n\n\n<p>Este domingo, el funcionario asegur\u00f3 que Javier\u00a0Milei\u00a0tiene la intenci\u00f3n de postularse para un segundo mandato en 2027. \u201cYo creo que el presidente tiene la vocaci\u00f3n de transformar la Argentina y sabe que no alcanza un periodo de cuatro a\u00f1os para hacerlo\u201d, expres\u00f3 Francos, subrayando la convicci\u00f3n de Milei de continuar su proyecto de gobierno.<\/p>\n\n\n\n<p>Francos asumi\u00f3 su cargo el lunes pasado, reemplazando a\u00a0Nicol\u00e1s Posse, y se mostr\u00f3 seguro de la reelecci\u00f3n de Milei. \u201cSu convicci\u00f3n es tal que si me preguntan a m\u00ed,\u00a0yo estoy seguro de que \u00e9l pretende volver a ser candidato y ser reelegido. Es una decisi\u00f3n de \u00e9l, porque ser Gobierno es muy desgastante. Adem\u00e1s, tiene\u00a0\u00edndices de aceptaci\u00f3n que superan el 60%\u201d, agreg\u00f3 el funcionario.<\/p>\n\n\n\n<p>Respecto a las pr\u00f3ximas elecciones,\u00a0Francos no descart\u00f3 una posible alianza con el\u00a0PRO, el partido liderado por el expresidente Mauricio Macri. \u201cYo creo que tenemos muchos puntos de coincidencia y muy buena relaci\u00f3n con los dirigentes del PRO. Las circunstancias son las que van a ir marcando si tenemos que enfrentar juntos la elecci\u00f3n\u201d, coment\u00f3, destacando que ambas fuerzas pol\u00edticas obtuvieron el 56% de los votos en la segunda vuelta del a\u00f1o pasado.<\/p>\n","protected":false},"excerpt":{"rendered":"<p>En una nueva entrevista televisiva, el jefe de Gabinete puso en duda los datos que miden la situaci\u00f3n social en el pa\u00eds. El jefe de Gabinete,\u00a0Guillermo\u00a0Francos, inici\u00f3 una nueva pol\u00e9mica respecto al rumbo\u00a0econ\u00f3mico\u00a0del gobierno de\u00a0Javier Milei. Por un lado, el funcionario reconoci\u00f3 que el clima social del pa\u00eds no es el mejor. Sin embargo, neg\u00f3 [&hellip;]<\/p>\n","protected":false},"author":2,"featured_media":6352,"comment_status":"open","ping_status":"open","sticky":false,"template":"","format":"standard","meta":{"footnotes":""},"categories":[22],"tags":[],"_links":{"self":[{"href":"https:\/\/enlamira.info\/index.php\/wp-json\/wp\/v2\/posts\/6350"}],"collection":[{"href":"https:\/\/enlamira.info\/index.php\/wp-json\/wp\/v2\/posts"}],"about":[{"href":"https:\/\/enlamira.info\/index.php\/wp-json\/wp\/v2\/types\/post"}],"author":[{"embeddable":true,"href":"https:\/\/enlamira.info\/index.php\/wp-json\/wp\/v2\/users\/2"}],"replies":[{"embeddable":true,"href":"https:\/\/enlamira.info\/index.php\/wp-json\/wp\/v2\/comments?post=6350"}],"version-history":[{"count":1,"href":"https:\/\/enlamira.info\/index.php\/wp-json\/wp\/v2\/posts\/6350\/revisions"}],"predecessor-version":[{"id":6351,"href":"https:\/\/enlamira.info\/index.php\/wp-json\/wp\/v2\/posts\/6350\/revisions\/6351"}],"wp:featuredmedia":[{"embeddable":true,"href":"https:\/\/enlamira.info\/index.php\/wp-json\/wp\/v2\/media\/6352"}],"wp:attachment":[{"href":"https:\/\/enlamira.info\/index.php\/wp-json\/wp\/v2\/media?parent=6350"}],"wp:term":[{"taxonomy":"category","embeddable":true,"href":"https:\/\/enlamira.info\/index.php\/wp-json\/wp\/v2\/categories?post=6350"},{"taxonomy":"post_tag","embeddable":true,"href":"https:\/\/enlamira.info\/index.php\/wp-json\/wp\/v2\/tags?post=6350"}],"curies":[{"name":"wp","href":"https:\/\/api.w.org\/{rel}","templated":true}]}}