{"id":632,"date":"2024-03-09T15:08:26","date_gmt":"2024-03-09T18:08:26","guid":{"rendered":"https:\/\/enlamira.info\/?p=632"},"modified":"2024-03-09T15:32:28","modified_gmt":"2024-03-09T18:32:28","slug":"el-particular-motivo-por-el-cual-ricardo-gareca-dejo-afuera-a-ben-brereton-de-la-seleccion-de-chile","status":"publish","type":"post","link":"https:\/\/enlamira.info\/index.php\/2024\/03\/09\/el-particular-motivo-por-el-cual-ricardo-gareca-dejo-afuera-a-ben-brereton-de-la-seleccion-de-chile\/","title":{"rendered":"El particular motivo por el cual Ricardo Gareca dej\u00f3 afuera a Ben Brereton de la Selecci\u00f3n de Chile"},"content":{"rendered":"\n<p><span style=\"font-size: 19.2px; color: rgb(85, 85, 85); font-family: &quot;IBM Plex Sans&quot;, sans-serif; white-space-collapse: collapse;\">El Tigre dio a conocer su primera convocatoria al mando de la Roja, para los amistosos de este mes ante Albania y Francia.<\/span><\/p>\n\n\n\n<p>Este viernes 8 de marzo,\u00a0Ricardo Gareca\u00a0dio a conocer su primera convocatoria con la\u00a0selecci\u00f3n de Chile\u00a0para afrontar los amistosos ante Albania y Francia por la fecha doble FIFA del presente mes. El ext\u00e9cnico de Per\u00fa sorprendi\u00f3 al revelar el motivo por el que el delantero\u00a0Ben Brereton\u00a0no fue llamado.<\/p>\n\n\n\n<p>El\u00a0<em>Tigre\u00a0<\/em>explic\u00f3 que elnueve, que juega en Sheffield United de la Premier League, no domina el idioma a pesar de que viene siendo considerado en la<em>\u00a0\u2018roja\u2019\u00a0<\/em>desde el 2021. \u201c\u00c9l ha estado convocado hace dos a\u00f1os, \u00e9l estuvo en la Copa Am\u00e9rica de Brasil,\u00a0ha tenido el tiempo suficiente para hablar espa\u00f1ol, si hay inter\u00e9s realmente por estar en la selecci\u00f3n porque eso tiene que ver con la convivencia y el d\u00eda a d\u00eda\u201d.<\/p>\n\n\n\n<p>En seguida, afirm\u00f3 que dicho aspecto, le llam\u00f3 la atenci\u00f3n; no obstante,\u00a0asegur\u00f3 que no ser\u00e1 un impedimento\u00a0para que sea considerado en su n\u00f3mina en un futuro. Eso s\u00ed, dej\u00f3 en claro que le \u201cgustar\u00eda que hablara espa\u00f1ol porque lo considera fundamental para la comunicaci\u00f3n fuera y dentro del campo de juego\u201d.<\/p>\n\n\n\n<p>El entrenador argentino, cont\u00f3 que habl\u00f3 personalmente con Ben Brereton sobre el tema y le solicit\u00f3 que aprenda el idioma, debido a que ser\u00e1 importante para que se comunique con \u201csus compa\u00f1eros, con el cuerpo t\u00e9cnico, con la gente y con el periodismo\u201d.<\/p>\n\n\n\n<p><div class=\"mvp-author-info-wrap left relative\" style=\"margin: 12px 0px 0px; padding: 0px; border: 0px; font-size: 16px; vertical-align: baseline; position: relative; float: left; width: 1200px; font-family: &quot;IBM Plex Sans&quot;, sans-serif; white-space-collapse: collapse;\"><div class=\"mvp-author-info-text left relative\" style=\"margin: 8px 0px 0px 15px; padding: 0px; border: 0px; font-size: 14px; vertical-align: baseline; position: relative; float: left; color: rgb(153, 153, 153); display: inline-block; line-height: 1;\"><\/div><\/div><\/p>\n","protected":false},"excerpt":{"rendered":"<p>El Tigre dio a conocer su primera convocatoria al mando de la Roja, para los amistosos de este mes ante Albania y Francia. Este viernes 8 de marzo,\u00a0Ricardo Gareca\u00a0dio a conocer su primera convocatoria con la\u00a0selecci\u00f3n de Chile\u00a0para afrontar los amistosos ante Albania y Francia por la fecha doble FIFA del presente mes. El ext\u00e9cnico [&hellip;]<\/p>\n","protected":false},"author":2,"featured_media":635,"comment_status":"open","ping_status":"closed","sticky":false,"template":"","format":"standard","meta":{"footnotes":""},"categories":[14],"tags":[],"_links":{"self":[{"href":"https:\/\/enlamira.info\/index.php\/wp-json\/wp\/v2\/posts\/632"}],"collection":[{"href":"https:\/\/enlamira.info\/index.php\/wp-json\/wp\/v2\/posts"}],"about":[{"href":"https:\/\/enlamira.info\/index.php\/wp-json\/wp\/v2\/types\/post"}],"author":[{"embeddable":true,"href":"https:\/\/enlamira.info\/index.php\/wp-json\/wp\/v2\/users\/2"}],"replies":[{"embeddable":true,"href":"https:\/\/enlamira.info\/index.php\/wp-json\/wp\/v2\/comments?post=632"}],"version-history":[{"count":2,"href":"https:\/\/enlamira.info\/index.php\/wp-json\/wp\/v2\/posts\/632\/revisions"}],"predecessor-version":[{"id":634,"href":"https:\/\/enlamira.info\/index.php\/wp-json\/wp\/v2\/posts\/632\/revisions\/634"}],"wp:featuredmedia":[{"embeddable":true,"href":"https:\/\/enlamira.info\/index.php\/wp-json\/wp\/v2\/media\/635"}],"wp:attachment":[{"href":"https:\/\/enlamira.info\/index.php\/wp-json\/wp\/v2\/media?parent=632"}],"wp:term":[{"taxonomy":"category","embeddable":true,"href":"https:\/\/enlamira.info\/index.php\/wp-json\/wp\/v2\/categories?post=632"},{"taxonomy":"post_tag","embeddable":true,"href":"https:\/\/enlamira.info\/index.php\/wp-json\/wp\/v2\/tags?post=632"}],"curies":[{"name":"wp","href":"https:\/\/api.w.org\/{rel}","templated":true}]}}