{"id":614,"date":"2024-03-08T18:25:34","date_gmt":"2024-03-08T21:25:34","guid":{"rendered":"https:\/\/enlamira.info\/?p=614"},"modified":"2024-03-08T18:44:17","modified_gmt":"2024-03-08T21:44:17","slug":"el-gobierno-cambio-el-nombre-del-salon-de-las-mujeres-de-casa-rosada-porque-es-discriminador-con-los-hombres","status":"publish","type":"post","link":"https:\/\/enlamira.info\/index.php\/2024\/03\/08\/el-gobierno-cambio-el-nombre-del-salon-de-las-mujeres-de-casa-rosada-porque-es-discriminador-con-los-hombres\/","title":{"rendered":"El Gobierno cambi\u00f3 el nombre del Sal\u00f3n de las Mujeres de Casa Rosada porque \u201ces discriminador con los hombres\u201d"},"content":{"rendered":"\n<p>As\u00ed lo indic\u00f3 el vocero presidencial en conferencia de prensa en el d\u00eda en que se conmemora la defensa de los derechos y la lucha contra la desigualdad por parte de las mujeres.<\/p>\n\n\n\n<p>La administraci\u00f3n de Javier Milei persiste en su ataque contra la lucha por la igualdad de g\u00e9nero, que tanto sopes\u00f3 durante su campa\u00f1a electoral, esta vez eligieron el 8 de marzo, fecha en que se conmemora el D\u00eda de la Mujer, para cambiar el nombre a un sal\u00f3n de la Casa Rosada que homenajeaba a las figuras femeninas de la historia nacional.Se trata del reconocido Sal\u00f3n de las Mujeres, que pasar\u00e1 a llamarse \u201cSal\u00f3n de los Pr\u00f3ceres\u201d, seg\u00fan confirm\u00f3 el vocero presidencial, Manuel Adorni durante su conferencia de prensa habitual. All\u00ed se se\u00f1al\u00f3 que la decisi\u00f3n del cambio fue de la secretaria de la Presidencia, Karina Milei.<\/p>\n\n\n\n<p>&#8220;Que haya un Sal\u00f3n de las Mujeres puede ser considerado ofensivo para los hombres, se trata de un espacio que estaba completamente abandonado\u201d, sostuvo el portavoz en una ins\u00f3lita justificaci\u00f3n para la medida, que despert\u00f3 malestar en la sociedad.Dicho espacio, fue inaugurado en 2009 por la entonces presidenta de la Naci\u00f3n, Cristina Kirchner, y fue de los m\u00e1s utilizados durante su gesti\u00f3n para todo tipo de actos de gobierno. Luego, tras la llegada a la Casa Rosada de Mauricio Macri el lugar fue utilizado para montar oficinas administrativas y as\u00ed permaneci\u00f3 durante varios a\u00f1os.<\/p>\n\n\n\n<p>Con el arribo de Alberto Fern\u00e1ndez, el sitio fue reinaugurado con un acto el 6 de marzo de 2020, en donde participaron figuras destacadas de la sociedad civil. Sin embargo, con el cambio de gobierno el espacio volvi\u00f3 a ser destinado para el equipo de Comunicaci\u00f3n que encabeza Adorni.\u201cEstuvo 10 a\u00f1os abandonado, casi sin mantenimiento. Como si esto le diera un valor agregado a la mujer como tal, y nosotros consideramos que no es as\u00ed. Que haya un sal\u00f3n de las mujeres es hasta discriminador para los hombres\u201d, remarc\u00f3 el vocero en su defensa de la causa anti feminista.De hecho, en su conferencia del jueves Adorni anunci\u00f3 que el Gobierno le descontar\u00eda el d\u00eda a aquellas empleadas del Estado que adhirieran al paro por el 8M, fecha en que se conmemora la lucha por los derechos y contra las desigualdades que sufren las mujeres a lo largo de la historia.<\/p>\n","protected":false},"excerpt":{"rendered":"<p>As\u00ed lo indic\u00f3 el vocero presidencial en conferencia de prensa en el d\u00eda en que se conmemora la defensa de los derechos y la lucha contra la desigualdad por parte de las mujeres. La administraci\u00f3n de Javier Milei persiste en su ataque contra la lucha por la igualdad de g\u00e9nero, que tanto sopes\u00f3 durante su [&hellip;]<\/p>\n","protected":false},"author":2,"featured_media":615,"comment_status":"open","ping_status":"open","sticky":false,"template":"","format":"standard","meta":{"footnotes":""},"categories":[20],"tags":[],"_links":{"self":[{"href":"https:\/\/enlamira.info\/index.php\/wp-json\/wp\/v2\/posts\/614"}],"collection":[{"href":"https:\/\/enlamira.info\/index.php\/wp-json\/wp\/v2\/posts"}],"about":[{"href":"https:\/\/enlamira.info\/index.php\/wp-json\/wp\/v2\/types\/post"}],"author":[{"embeddable":true,"href":"https:\/\/enlamira.info\/index.php\/wp-json\/wp\/v2\/users\/2"}],"replies":[{"embeddable":true,"href":"https:\/\/enlamira.info\/index.php\/wp-json\/wp\/v2\/comments?post=614"}],"version-history":[{"count":1,"href":"https:\/\/enlamira.info\/index.php\/wp-json\/wp\/v2\/posts\/614\/revisions"}],"predecessor-version":[{"id":616,"href":"https:\/\/enlamira.info\/index.php\/wp-json\/wp\/v2\/posts\/614\/revisions\/616"}],"wp:featuredmedia":[{"embeddable":true,"href":"https:\/\/enlamira.info\/index.php\/wp-json\/wp\/v2\/media\/615"}],"wp:attachment":[{"href":"https:\/\/enlamira.info\/index.php\/wp-json\/wp\/v2\/media?parent=614"}],"wp:term":[{"taxonomy":"category","embeddable":true,"href":"https:\/\/enlamira.info\/index.php\/wp-json\/wp\/v2\/categories?post=614"},{"taxonomy":"post_tag","embeddable":true,"href":"https:\/\/enlamira.info\/index.php\/wp-json\/wp\/v2\/tags?post=614"}],"curies":[{"name":"wp","href":"https:\/\/api.w.org\/{rel}","templated":true}]}}