{"id":611,"date":"2024-03-08T18:20:51","date_gmt":"2024-03-08T21:20:51","guid":{"rendered":"https:\/\/enlamira.info\/?p=611"},"modified":"2024-03-08T18:45:55","modified_gmt":"2024-03-08T21:45:55","slug":"cruces-y-malestar-en-el-oficialismo-por-la-designacion-de-una-joven-sin-experiencia-en-el-renaper","status":"publish","type":"post","link":"https:\/\/enlamira.info\/index.php\/2024\/03\/08\/cruces-y-malestar-en-el-oficialismo-por-la-designacion-de-una-joven-sin-experiencia-en-el-renaper\/","title":{"rendered":"Cruces y malestar en el oficialismo por la designaci\u00f3n de una joven sin experiencia en el Renaper"},"content":{"rendered":"\n<p>Se trata de Geraldine Calvella de 23 a\u00f1os y militante de La Libertad Avanza quien est\u00e1 a cargo de la Direcci\u00f3n de Planeamiento y Fiscalizaci\u00f3n de Centros de Documentaci\u00f3n con un sueldo de m\u00e1s de dos millones de pesos.<\/p>\n\n\n\n<p>En medio de la pol\u00e9mica por el aumento del 30% en las dietas de los diputados y senadores, se desat\u00f3 una nueva disputa dentro del Gobierno por la designaci\u00f3n de una funcionaria de apenas 23 a\u00f1os y sin ninguna experiencia al frente de una secretaria del Registro Nacional de las Personas (Renaper) con un sueldo de m\u00e1s de 2.732.002 pesos en bruto.Se trata de Geraldine Calvella, una militante de La Libertad Avanza (LLA), sin experiencia laboral previa, ni t\u00edtulo profesional que fue nombrada al frente de la Direcci\u00f3n de Planeamiento y Fiscalizaci\u00f3n de Centros de Documentaci\u00f3n de dicho organismo estatal.<\/p>\n\n\n\n<p>Desde Casa Rosada defendieron la designaci\u00f3n de la joven en el cargo al justificar que \u201cno es la directora general del Renaper, que es Pablo Santos, es una directora de l\u00ednea, com\u00fan y corriente, es una direcci\u00f3n simple\u201d. Sin embargo, la cuesti\u00f3n es que la muchacha que solo tiene como antecedente laboral ser asesora del Congreso por dos meses, no est\u00e1 a la altura del lugar que ocupa.Calvella que es oriunda y referente partidaria de la localidad bonaerense de Saladillo, tan solo se desempe\u00f1\u00f3 como asesora externa en la C\u00e1mara de Diputados de la Naci\u00f3n. Adem\u00e1s, no posee ning\u00fan t\u00edtulo de grado, si bien estudi\u00f3 Medicina durante casi tres a\u00f1os en la Universidad Maim\u00f3nides, luego comenz\u00f3 la carrera de Abogac\u00eda en la Universidad de Siglo 21, pero no culmin\u00f3 ninguna de ellas.<\/p>\n\n\n\n<p>&#8220;Cuenta con experiencia y conocimiento territorial para cumplir las responsabilidades de la Direcci\u00f3n: administrar, coordinar e integrar las distintas bases de datos, y su referenciar\u00edan geogr\u00e1fica, que a fin de dise\u00f1ar y fiscalizar los sistemas de log\u00edstica para la asignaci\u00f3n y distribuci\u00f3n de insumos, Documentos Nacionales de Identidad y pasaportes\u201d, sostuvieron desde el Gobierno para defender su nombramiento, seg\u00fan reporta el diario La Naci\u00f3n.<\/p>\n","protected":false},"excerpt":{"rendered":"<p>Se trata de Geraldine Calvella de 23 a\u00f1os y militante de La Libertad Avanza quien est\u00e1 a cargo de la Direcci\u00f3n de Planeamiento y Fiscalizaci\u00f3n de Centros de Documentaci\u00f3n con un sueldo de m\u00e1s de dos millones de pesos. En medio de la pol\u00e9mica por el aumento del 30% en las dietas de los diputados [&hellip;]<\/p>\n","protected":false},"author":2,"featured_media":613,"comment_status":"open","ping_status":"open","sticky":false,"template":"","format":"standard","meta":{"footnotes":""},"categories":[20],"tags":[],"_links":{"self":[{"href":"https:\/\/enlamira.info\/index.php\/wp-json\/wp\/v2\/posts\/611"}],"collection":[{"href":"https:\/\/enlamira.info\/index.php\/wp-json\/wp\/v2\/posts"}],"about":[{"href":"https:\/\/enlamira.info\/index.php\/wp-json\/wp\/v2\/types\/post"}],"author":[{"embeddable":true,"href":"https:\/\/enlamira.info\/index.php\/wp-json\/wp\/v2\/users\/2"}],"replies":[{"embeddable":true,"href":"https:\/\/enlamira.info\/index.php\/wp-json\/wp\/v2\/comments?post=611"}],"version-history":[{"count":1,"href":"https:\/\/enlamira.info\/index.php\/wp-json\/wp\/v2\/posts\/611\/revisions"}],"predecessor-version":[{"id":612,"href":"https:\/\/enlamira.info\/index.php\/wp-json\/wp\/v2\/posts\/611\/revisions\/612"}],"wp:featuredmedia":[{"embeddable":true,"href":"https:\/\/enlamira.info\/index.php\/wp-json\/wp\/v2\/media\/613"}],"wp:attachment":[{"href":"https:\/\/enlamira.info\/index.php\/wp-json\/wp\/v2\/media?parent=611"}],"wp:term":[{"taxonomy":"category","embeddable":true,"href":"https:\/\/enlamira.info\/index.php\/wp-json\/wp\/v2\/categories?post=611"},{"taxonomy":"post_tag","embeddable":true,"href":"https:\/\/enlamira.info\/index.php\/wp-json\/wp\/v2\/tags?post=611"}],"curies":[{"name":"wp","href":"https:\/\/api.w.org\/{rel}","templated":true}]}}