{"id":608,"date":"2024-03-08T18:19:27","date_gmt":"2024-03-08T21:19:27","guid":{"rendered":"https:\/\/enlamira.info\/?p=608"},"modified":"2024-03-08T18:19:32","modified_gmt":"2024-03-08T21:19:32","slug":"los-gobernadores-ya-estan-en-casa-rosada-para-negociar-la-ley-omnibus-y-los-fondos-provinciales","status":"publish","type":"post","link":"https:\/\/enlamira.info\/index.php\/2024\/03\/08\/los-gobernadores-ya-estan-en-casa-rosada-para-negociar-la-ley-omnibus-y-los-fondos-provinciales\/","title":{"rendered":"Los gobernadores ya est\u00e1n en Casa Rosada para negociar la Ley \u00d3mnibus y los fondos provinciales"},"content":{"rendered":"\n<p>Con la ausencia de Javier Milei y Luis Caputo, los mandatarios intentar\u00e1n destrabar la tensa relaci\u00f3n con el Gobierno nacional para obtener nuevas partidas de dinero y la restituci\u00f3n del impuesto a las Ganancias.<\/p>\n\n\n\n<p>Mientras persiste el malestar por el destrato del presidente Javier Milei hacia los gobernadores y la eliminaci\u00f3n de los fondos coparticipables, los representantes de las provincias participan de una reuni\u00f3n en Casa Rosada para calmar tensiones e ir de lleno al \u201cPacto de Mayo\u201d convocado por el oficialismo.Los l\u00edderes provinciales fueron recibidos por el jefe de Gabinete, Nicol\u00e1s Posse, y el ministro del Interior, Guillermo Francos, ante la ausencia del Presidente y del ministro de Econom\u00eda, Luis Caputo, que se encuentra en M\u00e9xico participando de la cumbre del Banco Interamericano de Desarrollo (BID).<\/p>\n\n\n\n<p>La convocatoria era a partir de las 14:45 horas en el Sal\u00f3n Eva Per\u00f3n de la Casa Rosada, y puntualmente fueron ingresando Gerardo Zamora (Santiago del Estero), Hugo Passalacqua (Misiones), Claudio Poggi (San Luis), Rolando Figueroa (Neuqu\u00e9n), Leandro Zdero (Chaco), Carlos Sadir (Jujuy), Marcelo Orrego (San Juan), Jorge Macri (CABA), Mart\u00edn Llaryora (C\u00f3rdoba), Axel Kiciloff (Buenos Aires); Ignacio Torres (Chubut) y la vicegobernadora de Alfredo Cornejo (Mendoza).Del encuentro se espera un acuerdo para lograr un paquete de fondos para las provincias a cambio de apoyos pol\u00edticos para reimpulsar la Ley \u00d3mnibus en el Congreso, la cual el oficialismo piensa reenviar en las pr\u00f3ximas semanas.<\/p>\n\n\n\n<p><\/p>\n","protected":false},"excerpt":{"rendered":"<p>Con la ausencia de Javier Milei y Luis Caputo, los mandatarios intentar\u00e1n destrabar la tensa relaci\u00f3n con el Gobierno nacional para obtener nuevas partidas de dinero y la restituci\u00f3n del impuesto a las Ganancias. Mientras persiste el malestar por el destrato del presidente Javier Milei hacia los gobernadores y la eliminaci\u00f3n de los fondos coparticipables, [&hellip;]<\/p>\n","protected":false},"author":2,"featured_media":609,"comment_status":"open","ping_status":"open","sticky":false,"template":"","format":"standard","meta":{"footnotes":""},"categories":[20],"tags":[],"_links":{"self":[{"href":"https:\/\/enlamira.info\/index.php\/wp-json\/wp\/v2\/posts\/608"}],"collection":[{"href":"https:\/\/enlamira.info\/index.php\/wp-json\/wp\/v2\/posts"}],"about":[{"href":"https:\/\/enlamira.info\/index.php\/wp-json\/wp\/v2\/types\/post"}],"author":[{"embeddable":true,"href":"https:\/\/enlamira.info\/index.php\/wp-json\/wp\/v2\/users\/2"}],"replies":[{"embeddable":true,"href":"https:\/\/enlamira.info\/index.php\/wp-json\/wp\/v2\/comments?post=608"}],"version-history":[{"count":1,"href":"https:\/\/enlamira.info\/index.php\/wp-json\/wp\/v2\/posts\/608\/revisions"}],"predecessor-version":[{"id":610,"href":"https:\/\/enlamira.info\/index.php\/wp-json\/wp\/v2\/posts\/608\/revisions\/610"}],"wp:featuredmedia":[{"embeddable":true,"href":"https:\/\/enlamira.info\/index.php\/wp-json\/wp\/v2\/media\/609"}],"wp:attachment":[{"href":"https:\/\/enlamira.info\/index.php\/wp-json\/wp\/v2\/media?parent=608"}],"wp:term":[{"taxonomy":"category","embeddable":true,"href":"https:\/\/enlamira.info\/index.php\/wp-json\/wp\/v2\/categories?post=608"},{"taxonomy":"post_tag","embeddable":true,"href":"https:\/\/enlamira.info\/index.php\/wp-json\/wp\/v2\/tags?post=608"}],"curies":[{"name":"wp","href":"https:\/\/api.w.org\/{rel}","templated":true}]}}