{"id":6024,"date":"2024-06-03T17:46:20","date_gmt":"2024-06-03T20:46:20","guid":{"rendered":"https:\/\/enlamira.info\/?p=6024"},"modified":"2024-06-03T18:01:53","modified_gmt":"2024-06-03T21:01:53","slug":"irregularidades-en-contratos-la-denuncia-de-capital-humano-quedo-en-manos-del-juez-ariel-lijo","status":"publish","type":"post","link":"https:\/\/enlamira.info\/index.php\/2024\/06\/03\/irregularidades-en-contratos-la-denuncia-de-capital-humano-quedo-en-manos-del-juez-ariel-lijo\/","title":{"rendered":"Irregularidades en contratos: la denuncia de Capital Humano qued\u00f3 en manos del juez Ariel Lijo"},"content":{"rendered":"\n<p>El magistrado es el candidato del oficialismo para ocupar la Corte Suprema y se encargar\u00e1 de la causa iniciada contra Pablo de la Torre y su entorno por el desv\u00edo de fondos p\u00fablicos.<\/p>\n\n\n\n<p>En el marco de la denuncia judicial contra ex funcionarios\u00a0del ministerio\u00a0de\u00a0Capital Humano, que conduce\u00a0Sandra Pettovello, por el desv\u00edo de fondos p\u00fablicos y la adjudicaci\u00f3n de contratos para obtener salarios que luego eran desviados a las arcas de las autoridades del sector, se realiz\u00f3 el sorteo de juzgado y el caso qued\u00f3 en manos de\u00a0Ariel Lijo.<\/p>\n\n\n\n<p>De este modo, el magistrado que fue propuesto como candidato para ocupar el quinto espacio vacante desde el 2021 cuando la jueza\u00a0Elena Highton de Nolasco\u00a0se jubil\u00f3, en la\u00a0Corte Suprema de Justicia,\u00a0ser\u00e1 el encargado de la primera investigaci\u00f3n por irregularidades de funcionarios de la administraci\u00f3n de\u00a0Javier Milei.<\/p>\n\n\n\n<p>El expediente se inici\u00f3 cuando la propia cartera nacional present\u00f3 una denuncia contra el ahora ex secretario de Ni\u00f1ez y Familia,\u00a0Pablo De la Torre, por supuestos hechos de corrupci\u00f3n, bajo la car\u00e1tula de \u201caveriguaci\u00f3n de il\u00edcito\u201d y con la participaci\u00f3n del fiscal federal\u00a0Ramiro Gonz\u00e1lez.<\/p>\n\n\n\n<p>Al parecer, dentro de la secretaria que est\u00e1\u00a0bajo la \u00f3rbita de Pettovello,\u00a0exist\u00eda una maniobra de presuntos contratos truchos a trav\u00e9s de los cuales se desviaba dinero p\u00fablico, que habr\u00eda sido relatada por un empleado de la dependencia,\u00a0Federico Fern\u00e1ndez, y que qued\u00f3 asentada ante escribano p\u00fablico y ante varios testigos en la sede de la Secretar\u00eda de Trabajo, que est\u00e1 a disposici\u00f3n de la justicia.<\/p>\n\n\n\n<p>Seg\u00fan el relato del arrepentido, que confes\u00f3 que manejaba unos dieciocho contratos de trabajo de supuestos empleados del ministerio, que eran pagados a trav\u00e9s de la\u00a0Organizaci\u00f3n de Estados Iberoamericanos\u00a0(OEI) pero en verdad la plata era enviada a\u00a0las autoridades\u00a0de la Secretar\u00eda, a cargo del funcionario que responde al\u00a0PRO.<\/p>\n\n\n\n<p>\u201cEn el marco de dicha reuni\u00f3n se habl\u00f3 sobre la\u00a0contrataci\u00f3n de funcionarios y de personal.\u00a0En dicha reuni\u00f3n el \u00e1rea de Ni\u00f1ez solicit\u00f3 el nombramiento de alrededor de cincuenta (50) funcionarios que ya estaban trabajando all\u00ed\u201d, se\u00f1ala el acta labrada ante un escribano p\u00fablico por las autoridades del ministerio y que ya est\u00e1 en manos de la Justicia.<\/p>\n","protected":false},"excerpt":{"rendered":"<p>El magistrado es el candidato del oficialismo para ocupar la Corte Suprema y se encargar\u00e1 de la causa iniciada contra Pablo de la Torre y su entorno por el desv\u00edo de fondos p\u00fablicos. En el marco de la denuncia judicial contra ex funcionarios\u00a0del ministerio\u00a0de\u00a0Capital Humano, que conduce\u00a0Sandra Pettovello, por el desv\u00edo de fondos p\u00fablicos y [&hellip;]<\/p>\n","protected":false},"author":2,"featured_media":6027,"comment_status":"open","ping_status":"open","sticky":false,"template":"","format":"standard","meta":{"footnotes":""},"categories":[126],"tags":[],"_links":{"self":[{"href":"https:\/\/enlamira.info\/index.php\/wp-json\/wp\/v2\/posts\/6024"}],"collection":[{"href":"https:\/\/enlamira.info\/index.php\/wp-json\/wp\/v2\/posts"}],"about":[{"href":"https:\/\/enlamira.info\/index.php\/wp-json\/wp\/v2\/types\/post"}],"author":[{"embeddable":true,"href":"https:\/\/enlamira.info\/index.php\/wp-json\/wp\/v2\/users\/2"}],"replies":[{"embeddable":true,"href":"https:\/\/enlamira.info\/index.php\/wp-json\/wp\/v2\/comments?post=6024"}],"version-history":[{"count":1,"href":"https:\/\/enlamira.info\/index.php\/wp-json\/wp\/v2\/posts\/6024\/revisions"}],"predecessor-version":[{"id":6025,"href":"https:\/\/enlamira.info\/index.php\/wp-json\/wp\/v2\/posts\/6024\/revisions\/6025"}],"wp:featuredmedia":[{"embeddable":true,"href":"https:\/\/enlamira.info\/index.php\/wp-json\/wp\/v2\/media\/6027"}],"wp:attachment":[{"href":"https:\/\/enlamira.info\/index.php\/wp-json\/wp\/v2\/media?parent=6024"}],"wp:term":[{"taxonomy":"category","embeddable":true,"href":"https:\/\/enlamira.info\/index.php\/wp-json\/wp\/v2\/categories?post=6024"},{"taxonomy":"post_tag","embeddable":true,"href":"https:\/\/enlamira.info\/index.php\/wp-json\/wp\/v2\/tags?post=6024"}],"curies":[{"name":"wp","href":"https:\/\/api.w.org\/{rel}","templated":true}]}}