{"id":602,"date":"2024-03-07T22:01:28","date_gmt":"2024-03-08T01:01:28","guid":{"rendered":"https:\/\/enlamira.info\/?p=602"},"modified":"2024-03-08T18:47:35","modified_gmt":"2024-03-08T21:47:35","slug":"ramiro-marra-fue-desplazado-de-la-jefatura-del-bloque-de-la-libertad-avanza-en-la-legislatura-portena","status":"publish","type":"post","link":"https:\/\/enlamira.info\/index.php\/2024\/03\/07\/ramiro-marra-fue-desplazado-de-la-jefatura-del-bloque-de-la-libertad-avanza-en-la-legislatura-portena\/","title":{"rendered":"Ramiro Marra fue desplazado de la jefatura del bloque de La Libertad Avanza en la Legislatura porte\u00f1a"},"content":{"rendered":"\n<p>Karina Milei fue clave en la decisi\u00f3n y fue quien propuso a una dirigente de su entorno en reemplazo del broker.<\/p>\n\n\n\n<p>El presidente\u00a0Javier Milei\u00a0le comunic\u00f3 a\u00a0Ramiro Marra\u00a0que ya no ser\u00e1 m\u00e1s el jefe del bloque de legisladores porte\u00f1os de\u00a0La Libertad Avanza. Tras casi una hora de conversaci\u00f3n en la Quinta de Olivos, el\u00a0jefe de Estado\u00a0le afirm\u00f3 que la decisi\u00f3n entra en un esquema de cambios que est\u00e1 llevando adelante el partido libertario.<\/p>\n\n\n\n<p>Quien reemplazar\u00e1 a Ramiro Marra en la jefatura del bloque ser\u00e1 Mar\u00eda del Pilar Ram\u00edrez, dirigente cercana a la secretaria general de Presidencia,\u00a0Karina Milei. Anteriormente tambi\u00e9n estuvo ligada a Mariano Recalde en su rol de\u00a0gerente de Marketing en Aerol\u00edneas Argentinas entre el 2008 y el 2016.<\/p>\n\n\n\n<p>Mar\u00eda del Pilar Ram\u00edrez\u00a0obtuvo el apoyo de seis de los nueve legisladores del bloque de\u00a0La Libertad Avanza en la Legislatura porte\u00f1a. La decisi\u00f3n de desplazar a Marra ser\u00eda el corolario de la tensa pelea que se desat\u00f3 en los \u00faltimos d\u00edas en el seno del espacio por el reparto de casilleros en las comisiones.<\/p>\n\n\n\n<p>Edgardo Alifraco, Rebeca Fleitas, Luc\u00eda Montenegro, Pilar Ram\u00edrez, Sandra Rey y Leonardo Saifert se manifestaron a favor del desplazamiento de\u00a0Ramiro Marra. En tanto, el mismo Marra, Eugenio Casielles y Jorge Reta no se expidieron.<\/p>\n","protected":false},"excerpt":{"rendered":"<p>Karina Milei fue clave en la decisi\u00f3n y fue quien propuso a una dirigente de su entorno en reemplazo del broker. El presidente\u00a0Javier Milei\u00a0le comunic\u00f3 a\u00a0Ramiro Marra\u00a0que ya no ser\u00e1 m\u00e1s el jefe del bloque de legisladores porte\u00f1os de\u00a0La Libertad Avanza. Tras casi una hora de conversaci\u00f3n en la Quinta de Olivos, el\u00a0jefe de Estado\u00a0le [&hellip;]<\/p>\n","protected":false},"author":2,"featured_media":604,"comment_status":"open","ping_status":"open","sticky":false,"template":"","format":"standard","meta":{"footnotes":""},"categories":[20],"tags":[],"_links":{"self":[{"href":"https:\/\/enlamira.info\/index.php\/wp-json\/wp\/v2\/posts\/602"}],"collection":[{"href":"https:\/\/enlamira.info\/index.php\/wp-json\/wp\/v2\/posts"}],"about":[{"href":"https:\/\/enlamira.info\/index.php\/wp-json\/wp\/v2\/types\/post"}],"author":[{"embeddable":true,"href":"https:\/\/enlamira.info\/index.php\/wp-json\/wp\/v2\/users\/2"}],"replies":[{"embeddable":true,"href":"https:\/\/enlamira.info\/index.php\/wp-json\/wp\/v2\/comments?post=602"}],"version-history":[{"count":2,"href":"https:\/\/enlamira.info\/index.php\/wp-json\/wp\/v2\/posts\/602\/revisions"}],"predecessor-version":[{"id":605,"href":"https:\/\/enlamira.info\/index.php\/wp-json\/wp\/v2\/posts\/602\/revisions\/605"}],"wp:featuredmedia":[{"embeddable":true,"href":"https:\/\/enlamira.info\/index.php\/wp-json\/wp\/v2\/media\/604"}],"wp:attachment":[{"href":"https:\/\/enlamira.info\/index.php\/wp-json\/wp\/v2\/media?parent=602"}],"wp:term":[{"taxonomy":"category","embeddable":true,"href":"https:\/\/enlamira.info\/index.php\/wp-json\/wp\/v2\/categories?post=602"},{"taxonomy":"post_tag","embeddable":true,"href":"https:\/\/enlamira.info\/index.php\/wp-json\/wp\/v2\/tags?post=602"}],"curies":[{"name":"wp","href":"https:\/\/api.w.org\/{rel}","templated":true}]}}