{"id":594,"date":"2024-03-07T21:59:11","date_gmt":"2024-03-08T00:59:11","guid":{"rendered":"https:\/\/enlamira.info\/?p=594"},"modified":"2024-03-08T18:52:41","modified_gmt":"2024-03-08T21:52:41","slug":"a-pedido-de-milei-el-oficialismo-presentara-un-proyecto-para-retrotraer-el-aumento-salarial-de-los-legisladores","status":"publish","type":"post","link":"https:\/\/enlamira.info\/index.php\/2024\/03\/07\/a-pedido-de-milei-el-oficialismo-presentara-un-proyecto-para-retrotraer-el-aumento-salarial-de-los-legisladores\/","title":{"rendered":"A pedido de Milei, el oficialismo presentar\u00e1 un proyecto para retrotraer el aumento salarial de los legisladores"},"content":{"rendered":"\n<p>La suba hab\u00eda sido aprobada por los presidentes de ambas c\u00e1maras, Mart\u00edn Menem y Victoria Villarruel, pero despert\u00f3 malestar en el entorno libertario.<\/p>\n\n\n\n<p>Tras la pol\u00e9mica interna desatada por la autorizaci\u00f3n de la suma del\u00a030% en el sueldo de los diputados y senadores\u00a0nacionales, autorizada por los presidentes de ambas c\u00e1maras,\u00a0Victoria Villarruel\u00a0y\u00a0Mart\u00edn Menem, referentes de\u00a0La Libertad Avanza\u00a0solicitaron dar marcha atr\u00e1s con la iniciativa.<\/p>\n\n\n\n<p>Seg\u00fan indicaron desde el Gobierno, el propio presidente\u00a0Javier Milei\u00a0pidi\u00f3 que se revierta la iniciativa y convoc\u00f3 al bloque libertario en Diputados para que se presente un proyecto de ley en donde se deslinde el aumento salarial de los legisladores del resto de los empleados del\u00a0Congreso.<\/p>\n\n\n\n<p>Es que existe una normativa del 2011, en la que se ata el aumento de los empleados administrativos del Congreso al de los legisladores. De hecho,\u00a0este argumento\u00a0fue el que esgrimieron tanto Menem como Villarruel al otorgar\u00a0la suba del 30% en febrero, que elevar\u00eda el sueldo b\u00e1sico de un diputado a los dos millones de pesos mensuales.<\/p>\n\n\n\n<p>La decisi\u00f3n de los titulares del Congreso gener\u00f3 revuelo en la opini\u00f3n p\u00fablica que cuestion\u00f3 duramente\u00a0el incremento salarial de un sector m\u00e1s que privilegiado, en medio de la fuerte crisis econ\u00f3mica y social que atraviesa el pa\u00eds, con un entono de m\u00e1s del 50% de pobreza.<\/p>\n\n\n\n<p>Por ello, y ante\u00a0el malestar del mandatario, que seg\u00fan contaron desde su entorno, \u201cse enter\u00f3 por los medios\u201d del aumento, el presidente del bloque libertario en Diputados,\u00a0Carlos D\u00b4Alessandro\u00a0dijo que convers\u00f3 con el presidente de la C\u00e1mara y que ambos est\u00e1n de acuerdo en que \u201chay que retrotraer el aumento que recibimos los Diputados y Senadores\u201d.<\/p>\n\n\n\n<p>De hecho, Menem dijo esta ma\u00f1ana en declaraciones radiales, \u201cSi toda la gente hace un esfuerzo, el Poder Legislativo no deber\u00eda ser ajeno a esto. Pongamos ojo en lo que estamos haciendo, que es\u00a0lo que necesita la sociedad: en la pol\u00edtica. Ah\u00ed tenemos que ajustar\u201d.<\/p>\n\n\n\n<h3 class=\"wp-block-heading\">El oficialismo presentar\u00e1 un proyecto para retrotraer el aumento de los diputados y senadores<\/h3>\n\n\n\n<p>Tras una reuni\u00f3n en Casa Rosada donde participaron\u00a0Mart\u00edn Menem, Cristian Ritondo, Rodrigo De Loredo, Guillermo Francos y Santiago Caputo, se confirm\u00f3 que el oficialismo presentar\u00e1 un proyecto para retrotraer el aumento a los legisladores.<\/p>\n\n\n\n<p>El presidente de la C\u00e1mara de Diputados confirm\u00f3 que\u00a0el proyecto se presentar\u00e1 por orden de Javier Milei\u00a0y agreg\u00f3: \u201cLos diputados y senadores de la Naci\u00f3n bajo ning\u00fan punto de vista deben quedar ajenos a realizar el sacrificio que est\u00e1 realizando el pueblo argentino para salir de la crisis\u201d.<\/p>\n","protected":false},"excerpt":{"rendered":"<p>La suba hab\u00eda sido aprobada por los presidentes de ambas c\u00e1maras, Mart\u00edn Menem y Victoria Villarruel, pero despert\u00f3 malestar en el entorno libertario. Tras la pol\u00e9mica interna desatada por la autorizaci\u00f3n de la suma del\u00a030% en el sueldo de los diputados y senadores\u00a0nacionales, autorizada por los presidentes de ambas c\u00e1maras,\u00a0Victoria Villarruel\u00a0y\u00a0Mart\u00edn Menem, referentes de\u00a0La Libertad [&hellip;]<\/p>\n","protected":false},"author":2,"featured_media":597,"comment_status":"open","ping_status":"open","sticky":false,"template":"","format":"standard","meta":{"footnotes":""},"categories":[20],"tags":[],"_links":{"self":[{"href":"https:\/\/enlamira.info\/index.php\/wp-json\/wp\/v2\/posts\/594"}],"collection":[{"href":"https:\/\/enlamira.info\/index.php\/wp-json\/wp\/v2\/posts"}],"about":[{"href":"https:\/\/enlamira.info\/index.php\/wp-json\/wp\/v2\/types\/post"}],"author":[{"embeddable":true,"href":"https:\/\/enlamira.info\/index.php\/wp-json\/wp\/v2\/users\/2"}],"replies":[{"embeddable":true,"href":"https:\/\/enlamira.info\/index.php\/wp-json\/wp\/v2\/comments?post=594"}],"version-history":[{"count":2,"href":"https:\/\/enlamira.info\/index.php\/wp-json\/wp\/v2\/posts\/594\/revisions"}],"predecessor-version":[{"id":598,"href":"https:\/\/enlamira.info\/index.php\/wp-json\/wp\/v2\/posts\/594\/revisions\/598"}],"wp:featuredmedia":[{"embeddable":true,"href":"https:\/\/enlamira.info\/index.php\/wp-json\/wp\/v2\/media\/597"}],"wp:attachment":[{"href":"https:\/\/enlamira.info\/index.php\/wp-json\/wp\/v2\/media?parent=594"}],"wp:term":[{"taxonomy":"category","embeddable":true,"href":"https:\/\/enlamira.info\/index.php\/wp-json\/wp\/v2\/categories?post=594"},{"taxonomy":"post_tag","embeddable":true,"href":"https:\/\/enlamira.info\/index.php\/wp-json\/wp\/v2\/tags?post=594"}],"curies":[{"name":"wp","href":"https:\/\/api.w.org\/{rel}","templated":true}]}}