{"id":591,"date":"2024-03-07T21:58:02","date_gmt":"2024-03-08T00:58:02","guid":{"rendered":"https:\/\/enlamira.info\/?p=591"},"modified":"2024-03-08T18:55:09","modified_gmt":"2024-03-08T21:55:09","slug":"la-medida-de-velez-con-los-cuatro-futbolistas-acusados-de-violacion","status":"publish","type":"post","link":"https:\/\/enlamira.info\/index.php\/2024\/03\/07\/la-medida-de-velez-con-los-cuatro-futbolistas-acusados-de-violacion\/","title":{"rendered":"La medida de V\u00e9lez con los cuatro futbolistas acusados de violaci\u00f3n"},"content":{"rendered":"\n<p>El club emiti\u00f3 un comunicado explicando los pasos a seguir. Los jugadores fueron apartados.<\/p>\n\n\n\n<p>La paz deportiva de\u00a0<strong>V\u00e9lez<\/strong>\u00a0en las \u00faltimas semanas se vio interrumpida por un grav\u00edsimo hecho:\u00a0<strong>cuatro futbolistas fueron acusados de violar a una mujer en Tucum\u00e1n.<\/strong><\/p>\n\n\n\n<p>El club tom\u00f3 una&nbsp;<strong>medida ejemplar<\/strong>&nbsp;en las \u00faltimas horas: ponerse a disposici\u00f3n de la Justicia y&nbsp;<strong>separar a los jugadores implicados.<\/strong><\/p>\n\n\n\n<p>V\u00e9lez emiti\u00f3 un comunicado oficial en su sitio web y sus redes sociales: \u201cAnte la gravedad de la denuncia, la Comisi\u00f3n Directiva del Club Atl\u00e9tico V\u00e9lez Sarsfield se puso inmediatamente a disposici\u00f3n de la Justicia de Tucum\u00e1n para aportar toda la informaci\u00f3n y los elementos relevantes para poder contribuir a la investigaci\u00f3n y esclarecimiento del caso y determinar las responsabilidades correspondientes\u201d.<\/p>\n\n\n\n<p>\u201cAsimismo, en el marco del protocolo de actuaci\u00f3n en casos de violencia por motivos de g\u00e9nero de la Instituci\u00f3n, se informa que&nbsp;<strong>se ha decidido separar de manera preventiva del plantel profesional a los jugadores mencionados en la denuncia, Sebasti\u00e1n Sosa, Braian Cufr\u00e9, Abiel Osorio y Jos\u00e9 Ignacio Florent\u00edn\u201d<\/strong>, sigue el escrito del&nbsp;<em>Fort\u00edn<\/em>.<\/p>\n\n\n\n<p>\u201cDesde la Instituci\u00f3n quedamos a completa disposici\u00f3n de la Justicia y de la denunciante\u201d, cierra.<\/p>\n\n\n\n<p>Esta tarde, el Presidente de V\u00e9lez Fabi\u00e1n Berlanga tom\u00f3 di\u00e1logo con&nbsp;<em>ESPN<\/em>&nbsp;y confirm\u00f3 que \u201clos cuatro jugadores fueron separadas\u201d. Al mismo tiempo, asegur\u00f3: \u201cNos ponemos a disposici\u00f3n de la v\u00edctima\u201d.<\/p>\n","protected":false},"excerpt":{"rendered":"<p>El club emiti\u00f3 un comunicado explicando los pasos a seguir. Los jugadores fueron apartados. La paz deportiva de\u00a0V\u00e9lez\u00a0en las \u00faltimas semanas se vio interrumpida por un grav\u00edsimo hecho:\u00a0cuatro futbolistas fueron acusados de violar a una mujer en Tucum\u00e1n. El club tom\u00f3 una&nbsp;medida ejemplar&nbsp;en las \u00faltimas horas: ponerse a disposici\u00f3n de la Justicia y&nbsp;separar a los [&hellip;]<\/p>\n","protected":false},"author":2,"featured_media":593,"comment_status":"open","ping_status":"open","sticky":false,"template":"","format":"standard","meta":{"footnotes":""},"categories":[14],"tags":[],"_links":{"self":[{"href":"https:\/\/enlamira.info\/index.php\/wp-json\/wp\/v2\/posts\/591"}],"collection":[{"href":"https:\/\/enlamira.info\/index.php\/wp-json\/wp\/v2\/posts"}],"about":[{"href":"https:\/\/enlamira.info\/index.php\/wp-json\/wp\/v2\/types\/post"}],"author":[{"embeddable":true,"href":"https:\/\/enlamira.info\/index.php\/wp-json\/wp\/v2\/users\/2"}],"replies":[{"embeddable":true,"href":"https:\/\/enlamira.info\/index.php\/wp-json\/wp\/v2\/comments?post=591"}],"version-history":[{"count":1,"href":"https:\/\/enlamira.info\/index.php\/wp-json\/wp\/v2\/posts\/591\/revisions"}],"predecessor-version":[{"id":592,"href":"https:\/\/enlamira.info\/index.php\/wp-json\/wp\/v2\/posts\/591\/revisions\/592"}],"wp:featuredmedia":[{"embeddable":true,"href":"https:\/\/enlamira.info\/index.php\/wp-json\/wp\/v2\/media\/593"}],"wp:attachment":[{"href":"https:\/\/enlamira.info\/index.php\/wp-json\/wp\/v2\/media?parent=591"}],"wp:term":[{"taxonomy":"category","embeddable":true,"href":"https:\/\/enlamira.info\/index.php\/wp-json\/wp\/v2\/categories?post=591"},{"taxonomy":"post_tag","embeddable":true,"href":"https:\/\/enlamira.info\/index.php\/wp-json\/wp\/v2\/tags?post=591"}],"curies":[{"name":"wp","href":"https:\/\/api.w.org\/{rel}","templated":true}]}}