{"id":5843,"date":"2024-05-30T21:21:32","date_gmt":"2024-05-31T00:21:32","guid":{"rendered":"https:\/\/enlamira.info\/?p=5843"},"modified":"2024-05-30T21:34:04","modified_gmt":"2024-05-31T00:34:04","slug":"la-insolita-justificacion-del-abogado-del-peluquero-asesino-de-recoleta-se-le-escapo-el-tiro","status":"publish","type":"post","link":"https:\/\/enlamira.info\/index.php\/2024\/05\/30\/la-insolita-justificacion-del-abogado-del-peluquero-asesino-de-recoleta-se-le-escapo-el-tiro\/","title":{"rendered":"La ins\u00f3lita justificaci\u00f3n del abogado del peluquero asesino de Recoleta: \u201cSe le escap\u00f3 el tiro\u201d"},"content":{"rendered":"\n<p>Luego de estar pr\u00f3fugo por m\u00e1s de dos meses, el defensor de Abel Guzm\u00e1n dijo que est\u00e1 arrepentido y que no sab\u00eda usar armas, por eso cometi\u00f3 el crimen por accidente.<\/p>\n\n\n\n<p>Tras la captura de\u00a0Luis Abel Guzm\u00e1n\u00a0de 43 a\u00f1os, que estuvo m\u00e1s de dos meses pr\u00f3fugo de la Justicia luego de haber asesinado de un disparo en la cabeza a un compa\u00f1ero de trabajo dentro de una peluquer\u00eda en el barrio porte\u00f1o de\u00a0Recoleta, su abogado erigi\u00f3 una ins\u00f3lita defensa.<\/p>\n\n\n\n<p>Se trata de\u00a0H\u00e9ctor Costa\u00a0quien justific\u00f3 el homicidio al decir que a su defendido \u201cse le escap\u00f3 el tiro\u201d\u00a0porque no sabe manipular armas de fuego. Adem\u00e1s indic\u00f3 que el acusado atraviesa por varios \u201cproblemas de salud\u201d y que \u201cest\u00e1 arrepentido\u201d de lo ocurrido.<\/p>\n\n\n\n<p>\u201cHay muchas pruebas en contra, primero tenemos que leer bien el expediente y ah\u00ed vamos a tener una mejor defensa que la que tenemos ahora.\u00a0\u00c9l no sabe usar armas\u201d, explic\u00f3 el letrado en declaraciones a la prensa tras el arresto de Guzm\u00e1n.<\/p>\n\n\n\n<p>A lo que agreg\u00f3: \u201cEsto no estaba planeado, para nada. Adem\u00e1s no lo acusan por eso. A \u00e9l se le imputan dos hechos, uno es el homicidio agravado por el uso de arma de fuego y el otro es la privaci\u00f3n ileg\u00edtima de la libertad. Ac\u00e1 no hay premeditaci\u00f3n, nada de lo que est\u00e1 pidiendo la querella\u201d.<\/p>\n\n\n\n<p>\u201cEsto es un homicidio calificado por alevos\u00eda. Punto. Eso y la privaci\u00f3n ileg\u00edtima de la libertad. Si la querella quiere poner que hay premeditaci\u00f3n y que hubo otra cosa, eso es el derecho que tienen de suponer lo que pas\u00f3\u201d, explic\u00f3 Costa ante la prensa horas despu\u00e9s de la captura de su defendido que permaneci\u00f3 fuera de la ley desde el 20 de marzo cuando ocurri\u00f3 el incidente.<\/p>\n\n\n\n<p>Mas tarde, en una entrevista radial, el ahogado de Guzm\u00e1n, sentenci\u00f3: \u201cNo es leg\u00edtimo usuario, no tiene conocimiento sobre el empleo de armas de fuego. Se escap\u00f3 el disparo lamentablemente.\u00a0Entiendo que hay una v\u00edctima del otro lado pero yo tambi\u00e9n tengo una persona a quien debo defender. Lo ven\u00edan persiguiendo en la peluquer\u00eda y se burlaban de \u00e9l por ser viejo. Hab\u00eda maltrato laboral en la peluquer\u00eda. Lo quer\u00edan echar. Parece que el due\u00f1o de la peluquer\u00eda era votante de Milei porque quieren echar a la gente\u201d, se\u00f1al\u00f3 Costa.<\/p>\n","protected":false},"excerpt":{"rendered":"<p>Luego de estar pr\u00f3fugo por m\u00e1s de dos meses, el defensor de Abel Guzm\u00e1n dijo que est\u00e1 arrepentido y que no sab\u00eda usar armas, por eso cometi\u00f3 el crimen por accidente. Tras la captura de\u00a0Luis Abel Guzm\u00e1n\u00a0de 43 a\u00f1os, que estuvo m\u00e1s de dos meses pr\u00f3fugo de la Justicia luego de haber asesinado de un [&hellip;]<\/p>\n","protected":false},"author":2,"featured_media":5845,"comment_status":"open","ping_status":"open","sticky":false,"template":"","format":"standard","meta":{"footnotes":""},"categories":[126],"tags":[],"_links":{"self":[{"href":"https:\/\/enlamira.info\/index.php\/wp-json\/wp\/v2\/posts\/5843"}],"collection":[{"href":"https:\/\/enlamira.info\/index.php\/wp-json\/wp\/v2\/posts"}],"about":[{"href":"https:\/\/enlamira.info\/index.php\/wp-json\/wp\/v2\/types\/post"}],"author":[{"embeddable":true,"href":"https:\/\/enlamira.info\/index.php\/wp-json\/wp\/v2\/users\/2"}],"replies":[{"embeddable":true,"href":"https:\/\/enlamira.info\/index.php\/wp-json\/wp\/v2\/comments?post=5843"}],"version-history":[{"count":1,"href":"https:\/\/enlamira.info\/index.php\/wp-json\/wp\/v2\/posts\/5843\/revisions"}],"predecessor-version":[{"id":5844,"href":"https:\/\/enlamira.info\/index.php\/wp-json\/wp\/v2\/posts\/5843\/revisions\/5844"}],"wp:featuredmedia":[{"embeddable":true,"href":"https:\/\/enlamira.info\/index.php\/wp-json\/wp\/v2\/media\/5845"}],"wp:attachment":[{"href":"https:\/\/enlamira.info\/index.php\/wp-json\/wp\/v2\/media?parent=5843"}],"wp:term":[{"taxonomy":"category","embeddable":true,"href":"https:\/\/enlamira.info\/index.php\/wp-json\/wp\/v2\/categories?post=5843"},{"taxonomy":"post_tag","embeddable":true,"href":"https:\/\/enlamira.info\/index.php\/wp-json\/wp\/v2\/tags?post=5843"}],"curies":[{"name":"wp","href":"https:\/\/api.w.org\/{rel}","templated":true}]}}