{"id":5791,"date":"2024-05-29T18:44:33","date_gmt":"2024-05-29T21:44:33","guid":{"rendered":"https:\/\/enlamira.info\/?p=5791"},"modified":"2024-05-29T18:49:15","modified_gmt":"2024-05-29T21:49:15","slug":"maximo-thomsen-rompio-el-pacto-de-silencio-y-apunto-contra-sus-companeros","status":"publish","type":"post","link":"https:\/\/enlamira.info\/index.php\/2024\/05\/29\/maximo-thomsen-rompio-el-pacto-de-silencio-y-apunto-contra-sus-companeros\/","title":{"rendered":"M\u00e1ximo Thomsen rompi\u00f3 el pacto de silencio y apunt\u00f3 contra sus compa\u00f1eros"},"content":{"rendered":"\n<p>El joven condenado a prisi\u00f3n perpetua por el crimen de Fernando B\u00e1ez Sosa solicit\u00f3 que la Justicia no lo impute por acciones que llevaron a cabo \u201cotros\u201d.<\/p>\n\n\n\n<p>En un reportaje exclusivo desde la c\u00e1rcel,\u00a0M\u00e1ximo Thomsen\u00a0habl\u00f3 por primera vez sobre el\u00a0crimen de Fernando B\u00e1ez Sosa\u00a0fuera del \u00e1mbito judicial y se\u00f1al\u00f3 a algunos de sus compa\u00f1eros de alojamiento durante los \u00faltimos cuatro a\u00f1os. En di\u00e1logo con Telenoche (eltrece), el rugbier ofreci\u00f3 su versi\u00f3n de los hechos por primera vez, llor\u00f3, acus\u00f3 a sus compa\u00f1eros e incluso expres\u00f3 que reza por la v\u00edctima.<\/p>\n\n\n\n<p>\u201cEs algo que quiero contar hace cuatro a\u00f1os, no necesito mucha preparaci\u00f3n para hacerlo\u201d,\u00a0fue la primera frase de Thomsen en el inicio de la entrevista, y afirm\u00f3 que era parte de un \u201cgrupo ocasional\u201d con el que se fue de vacaciones, y que no eran amigos suyos.<\/p>\n\n\n\n<p>Sobre su papel en el viaje, mencion\u00f3 que no consum\u00eda drogas, pero s\u00ed beb\u00eda mucho alcohol. \u201cPara salir, mi necesidad era tomar algo para poder soltarme\u201d.<\/p>\n\n\n\n<p>Respecto a la noche del\u00a0crimen, rememor\u00f3: \u201cEra la segunda noche desde que llegamos. Era la primera noche que salimos. En la primera no conseguimos entradas y nos quedamos tomando. Ese d\u00eda, yo llegu\u00e9 borracho al boliche. Estuvimos solo 20 minutos. Lo que me acuerdo es que yo estaba agarrado de la barra, de espalda a la pista, y siento que alguien se me hab\u00eda ca\u00eddo encima.\u00a0Era Mat\u00edas [Benicelli] que me dicen que le hab\u00edan pegado y nos sacan a los dos. Yo no sab\u00eda, pero era Fernando B\u00e1ez Sosa el que le peg\u00f3 a Mat\u00edas una pi\u00f1a en la frente\u201d.<\/p>\n\n\n\n<p>\u201cYo nunca me pele\u00e9 dentro del boliche. Nunca tuve contacto visual con Fernando. Cuando me sacan, siento que me estaban asfixiando. Afuera mis amigos se vuelven a pelear y cuando terminan cruzamos. De frente vemos alguien que nos hac\u00eda burla y era Fernando\u201d, dijo Thomsen, explicando que sali\u00f3 corriendo con sus amigos porque formaba parte del grupo.<\/p>\n\n\n\n<p>Al pregunt\u00e1rsele qui\u00e9n golpe\u00f3 primero a Fernando frente al boliche, Thomsen dijo que fue Benicelli y luego admiti\u00f3: \u201cYo tambi\u00e9n le pegu\u00e9. Recuerdo que entr\u00e9 a tirar patadas. Por mi cabeza pasaba que me estaba metiendo en una pelea.\u00a0Yo no le pegu\u00e9 una patada en la cabeza a Fernando, fue Ciro\u201d.\u00a0\u201cNo est\u00e1bamos festejando, nadie se represent\u00f3 el resultado de la pelea\u201d, coment\u00f3 sobre el video donde se los ve abraz\u00e1ndose.<\/p>\n\n\n\n<p>En cuanto a c\u00f3mo lleg\u00f3 sangre de Fernando a su zapatilla, dijo que no recuerda haberle golpeado en la cabeza. En ese momento de la entrevista, Thomsen se quebr\u00f3 en llanto, asegurando:\u00a0\u201cNunca quise que terminara as\u00ed. Yo estuve ah\u00ed, le pegu\u00e9.\u00a0Es dif\u00edcil, porque es un cargo de conciencia importante. Cuando uno no lo busca. Fue culpa de nosotros, tambi\u00e9n culpa m\u00eda. Nadie lo quiso as\u00ed, ni yo, ni mis amigos. Podemos ser buenas o malas personas, pero ninguno quiso que terminara as\u00ed. Nadie es qui\u00e9n para quitarle la vida a una persona\u201d.<\/p>\n\n\n\n<p>\u201cJam\u00e1s se me cruz\u00f3 por la cabeza que lo hab\u00edamos matado\u201d, afirm\u00f3, y dijo que se enter\u00f3 de la muerte al d\u00eda siguiente cuando fueron detenidos. \u201cYo entr\u00e9 en conciencia de lo que hab\u00eda pasado cuando dorm\u00ed la primera noche en la comisar\u00eda. No me siento un asesino\u201d, solt\u00f3.<\/p>\n\n\n\n<h3 class=\"wp-block-heading\"><strong>La causa<\/strong><\/h3>\n\n\n\n<p>A fines de marzo pasado, luego de que la C\u00e1mara de Casaci\u00f3n bonaerense confirmara su condena a prisi\u00f3n perpetua, junto con Ciro y Luciano Pertossi, Enzo Comelli y Mat\u00edas Benicelli, por el asesinato a golpes cometido el 18 de enero de 2020 a la salida de un boliche en Villa Gesell, Thomsen decidi\u00f3 romper la unidad de la defensa que hab\u00eda caracterizado al grupo hasta entonces, y design\u00f3 un nuevo abogado:\u00a0Francisco Oneto, ex candidato a vicegobernador bonaerense de La Libertad Avanza\u00a0en la f\u00f3rmula encabezada por Carolina P\u00edparo en las \u00faltimas elecciones.<\/p>\n\n\n\n<p>La entrevista en el noticiero de eltrece se enmarca, por lo tanto, en la estrategia procesal destinada a revertir la sentencia dictada por los jueces del Tribunal Oral en lo Criminal N\u00b01 de Dolores el 6 de febrero de 2023.&nbsp;<\/p>\n\n\n\n<p>Benicelli, otro de los principales\u00a0condenados, tambi\u00e9n tom\u00f3 la misma decisi\u00f3n, revocando la representaci\u00f3n del abogado Hugo Tomei y designando como su nuevo representante legal al letrado Carlos Att\u00edas.\u00a0<\/p>\n\n\n\n<p>Los otros sentenciados son Blas Cinalli, Ayrton Viollaz y Lucas Pertossi, con\u00a0penas de 15 a\u00f1os de c\u00e1rcel\u00a0como part\u00edcipes secundarios del homicidio. Todos ellos est\u00e1n recluidos en la c\u00e1rcel de Melchor Romero.<\/p>\n\n\n\n<p>Ayer se dio a conocer un adelanto del extenso reportaje, durante el cual Thomsen llor\u00f3 tres veces, record\u00f3 c\u00f3mo planificaron con sus amigos el viaje desde Z\u00e1rate hacia Villa Gesell, y tambi\u00e9n describi\u00f3 su participaci\u00f3n en el episodio ocurrido a la salida del boliche Le Brique.<\/p>\n\n\n\n<p>En el reportaje tambi\u00e9n pidi\u00f3 perd\u00f3n, pero\u00a0rog\u00f3 a la Justicia que no le imputen cosas \u201cque hicieron otros\u201d, en referencia a sus compa\u00f1eros. \u201cRezo todas las noches por Fernando. Me desahogu\u00e9 mucho, hace cuatro a\u00f1os que esperaba este momento\u201d, confes\u00f3.<\/p>\n","protected":false},"excerpt":{"rendered":"<p>El joven condenado a prisi\u00f3n perpetua por el crimen de Fernando B\u00e1ez Sosa solicit\u00f3 que la Justicia no lo impute por acciones que llevaron a cabo \u201cotros\u201d. En un reportaje exclusivo desde la c\u00e1rcel,\u00a0M\u00e1ximo Thomsen\u00a0habl\u00f3 por primera vez sobre el\u00a0crimen de Fernando B\u00e1ez Sosa\u00a0fuera del \u00e1mbito judicial y se\u00f1al\u00f3 a algunos de sus compa\u00f1eros de [&hellip;]<\/p>\n","protected":false},"author":2,"featured_media":5794,"comment_status":"open","ping_status":"open","sticky":false,"template":"","format":"standard","meta":{"footnotes":""},"categories":[126],"tags":[],"_links":{"self":[{"href":"https:\/\/enlamira.info\/index.php\/wp-json\/wp\/v2\/posts\/5791"}],"collection":[{"href":"https:\/\/enlamira.info\/index.php\/wp-json\/wp\/v2\/posts"}],"about":[{"href":"https:\/\/enlamira.info\/index.php\/wp-json\/wp\/v2\/types\/post"}],"author":[{"embeddable":true,"href":"https:\/\/enlamira.info\/index.php\/wp-json\/wp\/v2\/users\/2"}],"replies":[{"embeddable":true,"href":"https:\/\/enlamira.info\/index.php\/wp-json\/wp\/v2\/comments?post=5791"}],"version-history":[{"count":1,"href":"https:\/\/enlamira.info\/index.php\/wp-json\/wp\/v2\/posts\/5791\/revisions"}],"predecessor-version":[{"id":5792,"href":"https:\/\/enlamira.info\/index.php\/wp-json\/wp\/v2\/posts\/5791\/revisions\/5792"}],"wp:featuredmedia":[{"embeddable":true,"href":"https:\/\/enlamira.info\/index.php\/wp-json\/wp\/v2\/media\/5794"}],"wp:attachment":[{"href":"https:\/\/enlamira.info\/index.php\/wp-json\/wp\/v2\/media?parent=5791"}],"wp:term":[{"taxonomy":"category","embeddable":true,"href":"https:\/\/enlamira.info\/index.php\/wp-json\/wp\/v2\/categories?post=5791"},{"taxonomy":"post_tag","embeddable":true,"href":"https:\/\/enlamira.info\/index.php\/wp-json\/wp\/v2\/tags?post=5791"}],"curies":[{"name":"wp","href":"https:\/\/api.w.org\/{rel}","templated":true}]}}