{"id":5784,"date":"2024-05-29T18:42:35","date_gmt":"2024-05-29T21:42:35","guid":{"rendered":"https:\/\/enlamira.info\/?p=5784"},"modified":"2024-05-29T18:50:43","modified_gmt":"2024-05-29T21:50:43","slug":"guillermo-francos-desmintio-los-rumores-de-espionaje-y-afirmo-que-posse-cumplio-un-ciclo","status":"publish","type":"post","link":"https:\/\/enlamira.info\/index.php\/2024\/05\/29\/guillermo-francos-desmintio-los-rumores-de-espionaje-y-afirmo-que-posse-cumplio-un-ciclo\/","title":{"rendered":"Guillermo Francos desminti\u00f3 los rumores de espionaje y afirm\u00f3 que Posse \u201ccumpli\u00f3 un ciclo\u201d"},"content":{"rendered":"\n<p>El flamante jefe de Gabinete reconoci\u00f3 la existencia de \u201cuna situaci\u00f3n de desentendimiento complicada\u201d en el Gabinete.<\/p>\n\n\n\n<p>En su primer d\u00eda como jefe de Gabinete,\u00a0Guillermo Francos\u00a0abord\u00f3 la salida de su predecesor, Nicol\u00e1s Posse.\u00a0\u201cSe cumpli\u00f3 un ciclo.\u00a0Rescato la tarea que tuvo antes de la elecci\u00f3n. Hizo un gran trabajo armando un proyecto que ten\u00edan que ver con la reforma del Estado, con armar un plan de Gobierno, tuvo una tarea muy compleja y va pasando factura\u201d, afirm\u00f3.<\/p>\n\n\n\n<p>El ex ministro del Interior tambi\u00e9n destac\u00f3 que hubo un\u00a0distanciamiento entre el presidente Javier Milei y Posse.\u00a0\u201cEn alg\u00fan momento de estos seis meses \u00e9l [Posse] y el Presidente sintieron que era necesario un cambio de aire y Posse present\u00f3 su renuncia\u201d. Asimismo, reconoci\u00f3 que \u201cclaramente hab\u00eda una situaci\u00f3n complicada en el Gabinete, un desentendimiento\u201d. \u201cEl hecho de que el Presidente me haya designado es bueno para buscar el consenso\u201d, apunt\u00f3 en una conversaci\u00f3n con\u00a0<em>TN<\/em>.<\/p>\n\n\n\n<p>Sobre el env\u00edo del pliego de Ariel Lijo al Senado para su nombramiento como juez de la Corte Suprema, Francos afirm\u00f3: \u201cEntiendo que si se envi\u00f3 el pliego de Ariel Lijo al Senado es porque hay consensos y acuerdos para alcanzar la mayor\u00eda que se requiere\u201d. Lijo necesita el respaldo de dos tercios de los senadores para ocupar el cargo en el m\u00e1ximo tribunal judicial del pa\u00eds.<\/p>\n\n\n\n<p>Respecto a los rumores sobre si el\u00a0jefe de Gabinete\u00a0espi\u00f3 a ministros, Francos declar\u00f3: \u201cNo creo. Son rumores, no me gu\u00edo por rumores. Es un delito y no creo que haya ning\u00fan ministro de Gabinete que tenga en la cabeza que lo estaban espiando\u201d. Sin embargo, cuando se le pregunt\u00f3 si Posse alguna vez le dijo \u201cbuen viaje a Punta del Este\u201d a una ministra, Francos admiti\u00f3 que era cierto.<\/p>\n\n\n\n<p>\u201cEso lo cont\u00f3 una ministra [Sandra Pettovello], pero no quiere decir que la estuvieran espiando, puede ser que \u00e9l tuviera la informaci\u00f3n por alguien que se iba el fin de semana\u201d, asegur\u00f3.\u00a0\u201cEntiendo que pas\u00f3 porque los escuch\u00e9 en reiteradas oportunidades en los medios, pero no me quiero basar en rumores\u201d, insisti\u00f3.<\/p>\n\n\n\n<p>El funcionario tambi\u00e9n se refiri\u00f3 a la imagen que proyect\u00f3 el Gabinete en la ma\u00f1ana de este martes durante el desayuno que compartieron en el c\u00e9ntrico bar Pertutti.\u00a0\u201cEn el caf\u00e9 est\u00e1bamos buscando mostrar normalidad.\u00a0La opini\u00f3n p\u00fablica tiene que tener en claro que somos un equipo de trabajo que tiene un l\u00edder, que es el Presidente, y que tiene alguien que coordina, que a partir de ahora soy yo y que va a tratar de ayudar que todos tengamos una relaci\u00f3n arm\u00f3nica\u201d, expres\u00f3.<\/p>\n\n\n\n<p>El exrepresentante argentino ante el Banco Interamericano de Desarrollo (BID), entre 2019 y 2023 durante el gobierno de Alberto Fern\u00e1ndez, resalt\u00f3 que \u201cno somos conscientes de la importancia que tiene la recepci\u00f3n de Javier Milei en el exterior\u201d.&nbsp;<\/p>\n\n\n\n<p>Y agreg\u00f3: \u201cEsto que a lo mejor consideran que es una cosa normal, ni [Mark] Zuckerberg, ni [Elon] Musk ni los que trabajan en Sillicon Valey son personas que se prestan a este tipo de reuniones. El Presidente ha ido ah\u00ed a mostrar la Argentina que \u00e9l lidera, a mostrarle una posibilidad de mercado y generaci\u00f3n de riqueza para que inviertan. Es lo mismo que hizo en Espa\u00f1a\u201d.<\/p>\n\n\n\n<p>\u201cSomos especialistas en buscar el pelo al huevo.\u00a0He escuchado cr\u00edticas, se hacen denuncias. Cuando el Presidente viaja como presidente de la Rep\u00fablica no es que va a un acto particular, va a mostrar la Argentina a distintos lugares del mundo. Eso es un viaje del presidente de la Argentina y es un viaje oficial, no es que se fue a una playa a tomar whisky con una chiquita y se lo ve en un bar\u201d, valor\u00f3. Y remarc\u00f3: \u201cEl Presidente viaja a mostrar el pa\u00eds que tenemos, las posibilidades que existen y un Gobierno que expresa libertad econ\u00f3mica\u201d.<\/p>\n\n\n\n<p>Sobre su exjefe, Daniel Scioli, no dud\u00f3 en elogiarlo e intent\u00f3 desvincularlo del kirchnerismo: \u201cScioli es una persona que viene de la actividad empresaria. \u00c9l tiene esa concepci\u00f3n de libre empresa. Ha participado, particip\u00f3 de gobiernos peronistas. Kirchnerista no s\u00e9. Cuando fue vicepresidente de N\u00e9stor Kirchner todav\u00eda no exist\u00eda el kirchnerismo. Quiere recordarte que en esa \u00e9poca se enoj\u00f3 el presidente Kirchner con \u00e9l, lo friz\u00f3, porque pidi\u00f3 libertad [tarifaria] a las empresas de servicios p\u00fablicos\u201d, apunt\u00f3.<\/p>\n\n\n\n<p>\u201cYo conozco la historia perfectamente bien y no me olvido\u201d, continu\u00f3 Francos, presidente del Banco Provincia entre 2007 y 2011 y uno de los armadores de la Fundaci\u00f3n Acordar, que le dio apoyo pol\u00edtico al entonces gobernador bonaerense. \u201cUn d\u00eda N\u00e9stor Kirchner, que era un pol\u00edtico h\u00e1bil, m\u00e1s all\u00e1 de los juicios de valor que uno pueda hacer sobre \u00e9l, va a un acto p\u00fablico, a un estadio donde estaba lleno de gente. Entra Scioli y hay una ovaci\u00f3n. Kirchner lo puso de candidato\u201d, record\u00f3.<\/p>\n\n\n\n<p>\u201cYo no soy peronista. Yo soy hijo de un almirante que era re gorila porque era la \u00e9poca de la Revoluci\u00f3n Libertadora. Mi padre particip\u00f3 de esos eventos, yo vengo de esa formaci\u00f3n. Arm\u00e9 el partido con Francisco Manrique [exalto cargo de la Revoluci\u00f3n Libertadora y de otras dictaduras, como las de Marcelo Levingston y Alejandro Lanusse]\u201d, enfatiz\u00f3.<\/p>\n\n\n\n<p>\u201cQue yo participe de un Gobierno del peronismo no quiere decir que sea peronista\u201d, opin\u00f3 en referencia a su cargo como funcionario de Alberto Fern\u00e1ndez y los anteriores con Daniel Scioli. \u201cYo siempre he sido una persona de ideas liberales, de ideas de la libertad. No tengo nada contra el peronismo, no tengo ning\u00fan problema\u201d, afirm\u00f3.<\/p>\n","protected":false},"excerpt":{"rendered":"<p>El flamante jefe de Gabinete reconoci\u00f3 la existencia de \u201cuna situaci\u00f3n de desentendimiento complicada\u201d en el Gabinete. En su primer d\u00eda como jefe de Gabinete,\u00a0Guillermo Francos\u00a0abord\u00f3 la salida de su predecesor, Nicol\u00e1s Posse.\u00a0\u201cSe cumpli\u00f3 un ciclo.\u00a0Rescato la tarea que tuvo antes de la elecci\u00f3n. Hizo un gran trabajo armando un proyecto que ten\u00edan que ver [&hellip;]<\/p>\n","protected":false},"author":2,"featured_media":5787,"comment_status":"open","ping_status":"open","sticky":false,"template":"","format":"standard","meta":{"footnotes":""},"categories":[20],"tags":[],"_links":{"self":[{"href":"https:\/\/enlamira.info\/index.php\/wp-json\/wp\/v2\/posts\/5784"}],"collection":[{"href":"https:\/\/enlamira.info\/index.php\/wp-json\/wp\/v2\/posts"}],"about":[{"href":"https:\/\/enlamira.info\/index.php\/wp-json\/wp\/v2\/types\/post"}],"author":[{"embeddable":true,"href":"https:\/\/enlamira.info\/index.php\/wp-json\/wp\/v2\/users\/2"}],"replies":[{"embeddable":true,"href":"https:\/\/enlamira.info\/index.php\/wp-json\/wp\/v2\/comments?post=5784"}],"version-history":[{"count":1,"href":"https:\/\/enlamira.info\/index.php\/wp-json\/wp\/v2\/posts\/5784\/revisions"}],"predecessor-version":[{"id":5785,"href":"https:\/\/enlamira.info\/index.php\/wp-json\/wp\/v2\/posts\/5784\/revisions\/5785"}],"wp:featuredmedia":[{"embeddable":true,"href":"https:\/\/enlamira.info\/index.php\/wp-json\/wp\/v2\/media\/5787"}],"wp:attachment":[{"href":"https:\/\/enlamira.info\/index.php\/wp-json\/wp\/v2\/media?parent=5784"}],"wp:term":[{"taxonomy":"category","embeddable":true,"href":"https:\/\/enlamira.info\/index.php\/wp-json\/wp\/v2\/categories?post=5784"},{"taxonomy":"post_tag","embeddable":true,"href":"https:\/\/enlamira.info\/index.php\/wp-json\/wp\/v2\/tags?post=5784"}],"curies":[{"name":"wp","href":"https:\/\/api.w.org\/{rel}","templated":true}]}}