{"id":5781,"date":"2024-05-29T18:41:24","date_gmt":"2024-05-29T21:41:24","guid":{"rendered":"https:\/\/enlamira.info\/?p=5781"},"modified":"2024-05-29T18:51:19","modified_gmt":"2024-05-29T21:51:19","slug":"la-dura-reaccion-de-fernando-burlando-tras-las-palabras-de-maximo-thomsen-es-miserable","status":"publish","type":"post","link":"https:\/\/enlamira.info\/index.php\/2024\/05\/29\/la-dura-reaccion-de-fernando-burlando-tras-las-palabras-de-maximo-thomsen-es-miserable\/","title":{"rendered":"La dura reacci\u00f3n de Fernando Burlando tras las palabras de M\u00e1ximo Thomsen: \u201cEs miserable\u201d"},"content":{"rendered":"\n<p>El abogado de la familia de Fernando B\u00e1ez Sosa apunt\u00f3 contra el rugbier condenado por el homicidio del joven.<\/p>\n\n\n\n<p>Tras la\u00a0primera entrevista brindada por M\u00e1ximo Thomsen\u00a0desde la c\u00e1rcel luego de\u00a0ser condenado\u00a0por el\u00a0asesinato de Fernando B\u00e1ez Sosa\u00a0a la salida de un boliche de Villa Gesell, el abogado de la familia,\u00a0Fernando Burlando, respondi\u00f3.<\/p>\n\n\n\n<p>El representante legal sostuvo que\u00a0\u201ces miserable tratar de colocar a Fernando en el lugar del agresor\u201d\u00a0y consider\u00f3 que \u201ctiene que ver con alg\u00fan tipo de\u00a0estrategia\u00a0que pod\u00eda utilizar, que esta altura muy poco efecto puede tener\u201d.<\/p>\n\n\n\n<p>Ante la postura de Thomsen, quien deber\u00e1 cumplir\u00a0prisi\u00f3n perpetua, Burlando agreg\u00f3:\u00a0\u201cAhora que se ven frente a la realidad empiezan los lamentos\u201d.<\/p>\n\n\n\n<p>\u201cNo lloran por Fernando, por haberle arrebatado la vida.\u00a0Lloran por ellos y por las consecuencias que les toc\u00f3 vivir\u201c, se\u00f1al\u00f3.<\/p>\n\n\n\n<p>Respecto de c\u00f3mo fue la actitud del grupo en los Tribunales, el abogado indic\u00f3 que \u201csiempre tuvieron una\u00a0postura cobarde y ego\u00edsta. Cobarde respecto del hecho y ego\u00edsta cuando ten\u00edan que evaluar la extensi\u00f3n del da\u00f1o que generaron\u201d.<\/p>\n\n\n\n<p>\u201cEllos en Z\u00e1rate se cansaron de pegarle a la gente. Son tan miserables que dijeron que Fernando estaba haciendo burla.&nbsp;<strong>No puedo dejar de ponerme en lugar de los pap\u00e1s de Fernando<\/strong>\u201c, lament\u00f3.<\/p>\n\n\n\n<h3 class=\"wp-block-heading\"><\/h3>\n","protected":false},"excerpt":{"rendered":"<p>El abogado de la familia de Fernando B\u00e1ez Sosa apunt\u00f3 contra el rugbier condenado por el homicidio del joven. Tras la\u00a0primera entrevista brindada por M\u00e1ximo Thomsen\u00a0desde la c\u00e1rcel luego de\u00a0ser condenado\u00a0por el\u00a0asesinato de Fernando B\u00e1ez Sosa\u00a0a la salida de un boliche de Villa Gesell, el abogado de la familia,\u00a0Fernando Burlando, respondi\u00f3. El representante legal sostuvo [&hellip;]<\/p>\n","protected":false},"author":2,"featured_media":5783,"comment_status":"open","ping_status":"open","sticky":false,"template":"","format":"standard","meta":{"footnotes":""},"categories":[126],"tags":[],"_links":{"self":[{"href":"https:\/\/enlamira.info\/index.php\/wp-json\/wp\/v2\/posts\/5781"}],"collection":[{"href":"https:\/\/enlamira.info\/index.php\/wp-json\/wp\/v2\/posts"}],"about":[{"href":"https:\/\/enlamira.info\/index.php\/wp-json\/wp\/v2\/types\/post"}],"author":[{"embeddable":true,"href":"https:\/\/enlamira.info\/index.php\/wp-json\/wp\/v2\/users\/2"}],"replies":[{"embeddable":true,"href":"https:\/\/enlamira.info\/index.php\/wp-json\/wp\/v2\/comments?post=5781"}],"version-history":[{"count":1,"href":"https:\/\/enlamira.info\/index.php\/wp-json\/wp\/v2\/posts\/5781\/revisions"}],"predecessor-version":[{"id":5782,"href":"https:\/\/enlamira.info\/index.php\/wp-json\/wp\/v2\/posts\/5781\/revisions\/5782"}],"wp:featuredmedia":[{"embeddable":true,"href":"https:\/\/enlamira.info\/index.php\/wp-json\/wp\/v2\/media\/5783"}],"wp:attachment":[{"href":"https:\/\/enlamira.info\/index.php\/wp-json\/wp\/v2\/media?parent=5781"}],"wp:term":[{"taxonomy":"category","embeddable":true,"href":"https:\/\/enlamira.info\/index.php\/wp-json\/wp\/v2\/categories?post=5781"},{"taxonomy":"post_tag","embeddable":true,"href":"https:\/\/enlamira.info\/index.php\/wp-json\/wp\/v2\/tags?post=5781"}],"curies":[{"name":"wp","href":"https:\/\/api.w.org\/{rel}","templated":true}]}}