{"id":5778,"date":"2024-05-29T18:40:34","date_gmt":"2024-05-29T21:40:34","guid":{"rendered":"https:\/\/enlamira.info\/?p=5778"},"modified":"2024-05-29T18:52:06","modified_gmt":"2024-05-29T21:52:06","slug":"la-acusacion-de-karina-milei-a-pablo-echarri-que-festejo-javier-milei","status":"publish","type":"post","link":"https:\/\/enlamira.info\/index.php\/2024\/05\/29\/la-acusacion-de-karina-milei-a-pablo-echarri-que-festejo-javier-milei\/","title":{"rendered":"La acusaci\u00f3n de Karina Milei a Pablo Echarri que festej\u00f3 Javier Milei"},"content":{"rendered":"\n<p>Este martes, el actor hab\u00eda confesado que ten\u00eda que vender moneda extranjera para subsistir. El Presidente y su hermana le respondieron en las redes sociales.<\/p>\n\n\n\n<p>Luego de que el actor\u00a0Pablo Echarri contar\u00e1 que hab\u00eda tenido que vender d\u00f3lares para subsistir, el presidente\u00a0Javier Milei replic\u00f3 en las redes sociales un mensaje de su hermana Karina\u00a0en el que cuestionaba la manera en que los adquiri\u00f3.<\/p>\n\n\n\n<p>\u201cEcharri, vos me est\u00e1s diciendo que est\u00e1s gastando d\u00f3lares que has comprado en el gobierno KK, cuando hab\u00eda controles y quien lo hac\u00eda\u00a0lo persegu\u00edan por fugar d\u00f3lares?\u201c, se\u00f1al\u00f3 la secretaria general de la presidencia.<\/p>\n\n\n\n<p>Y agreg\u00f3: \u201cAdem\u00e1s seguro los comprabas al oficial as\u00ed te llevabas el\u00a0subsidio\u2026 VLLC!\u201d.<\/p>\n\n\n\n<p>Por su parte, el presidente, quien se encuentre de viaje por los Estados Unidos, se hizo eco del mensaje y escribi\u00f3:\u00a0\u201cTsunami de chanes\u2026 El Jefe ha hablado\u2026 Vaaaaaaaamoooooo\u201d.<\/p>\n","protected":false},"excerpt":{"rendered":"<p>Este martes, el actor hab\u00eda confesado que ten\u00eda que vender moneda extranjera para subsistir. El Presidente y su hermana le respondieron en las redes sociales. Luego de que el actor\u00a0Pablo Echarri contar\u00e1 que hab\u00eda tenido que vender d\u00f3lares para subsistir, el presidente\u00a0Javier Milei replic\u00f3 en las redes sociales un mensaje de su hermana Karina\u00a0en el [&hellip;]<\/p>\n","protected":false},"author":2,"featured_media":5780,"comment_status":"open","ping_status":"open","sticky":false,"template":"","format":"standard","meta":{"footnotes":""},"categories":[20],"tags":[],"_links":{"self":[{"href":"https:\/\/enlamira.info\/index.php\/wp-json\/wp\/v2\/posts\/5778"}],"collection":[{"href":"https:\/\/enlamira.info\/index.php\/wp-json\/wp\/v2\/posts"}],"about":[{"href":"https:\/\/enlamira.info\/index.php\/wp-json\/wp\/v2\/types\/post"}],"author":[{"embeddable":true,"href":"https:\/\/enlamira.info\/index.php\/wp-json\/wp\/v2\/users\/2"}],"replies":[{"embeddable":true,"href":"https:\/\/enlamira.info\/index.php\/wp-json\/wp\/v2\/comments?post=5778"}],"version-history":[{"count":1,"href":"https:\/\/enlamira.info\/index.php\/wp-json\/wp\/v2\/posts\/5778\/revisions"}],"predecessor-version":[{"id":5779,"href":"https:\/\/enlamira.info\/index.php\/wp-json\/wp\/v2\/posts\/5778\/revisions\/5779"}],"wp:featuredmedia":[{"embeddable":true,"href":"https:\/\/enlamira.info\/index.php\/wp-json\/wp\/v2\/media\/5780"}],"wp:attachment":[{"href":"https:\/\/enlamira.info\/index.php\/wp-json\/wp\/v2\/media?parent=5778"}],"wp:term":[{"taxonomy":"category","embeddable":true,"href":"https:\/\/enlamira.info\/index.php\/wp-json\/wp\/v2\/categories?post=5778"},{"taxonomy":"post_tag","embeddable":true,"href":"https:\/\/enlamira.info\/index.php\/wp-json\/wp\/v2\/tags?post=5778"}],"curies":[{"name":"wp","href":"https:\/\/api.w.org\/{rel}","templated":true}]}}