{"id":5773,"date":"2024-05-29T18:39:50","date_gmt":"2024-05-29T21:39:50","guid":{"rendered":"https:\/\/enlamira.info\/?p=5773"},"modified":"2024-05-29T18:52:47","modified_gmt":"2024-05-29T21:52:47","slug":"espana-confirmo-el-retiro-oficial-de-su-embajadora-en-buenos-aires","status":"publish","type":"post","link":"https:\/\/enlamira.info\/index.php\/2024\/05\/29\/espana-confirmo-el-retiro-oficial-de-su-embajadora-en-buenos-aires\/","title":{"rendered":"Espa\u00f1a confirm\u00f3 el retiro oficial de su embajadora en Buenos Aires"},"content":{"rendered":"\n<p>Fue establecido a trav\u00e9s del real decreto 506\/2024, firmado por el Rey Felipe VI y el canciller espa\u00f1ol Jos\u00e9 Manuel Albares Bueno, publicado hoy en el Bolet\u00edn Oficial del Estado.<\/p>\n\n\n\n<p>A trav\u00e9s de un\u00a0decreto\u00a0publicado en el Bolet\u00edn Oficial del\u00a0Estado, firmado por el\u00a0Rey Felipe VI y el canciller espa\u00f1ol Jos\u00e9 Manuel Albares Bueno, el gobierno de\u00a0Pedro S\u00e1nchez\u00a0oficializ\u00f3 hoy el \u201ccese\u201d de\u00a0Mar\u00eda Jes\u00fas Alonso Jim\u00e9nez\u00a0como embajadora en Buenos Aires.<\/p>\n\n\n\n<p>En esa l\u00ednea, la representaci\u00f3n diplom\u00e1tica de Espa\u00f1a en Argentina queda, de manera definitiva, reducida a un encargado de negocios \u201cad interim\u201d.<\/p>\n\n\n\n<p>El pasado 21 de mayo, y a ra\u00edz de las cr\u00edticas del presidente Javier Milei hacia S\u00e1nchez y su mujer, Bego\u00f1a G\u00f3mez, a quien acus\u00f3 de corrupta, el gobierno espa\u00f1ol hab\u00eda ordenado a Alonso Jim\u00e9nez que deje la sede diplom\u00e1tica y retorne a Madrid como forma de protesta.<\/p>\n\n\n\n<p>Desde su participaci\u00f3n en el evento de Vox organizado en la capital espa\u00f1ola, hasta la fecha, Milei escal\u00f3 la tensi\u00f3n diplom\u00e1tica con Espa\u00f1a y con S\u00e1nchez, al acusarlo en varias entrevistas de \u201ccobarde\u201d y \u201ctotalitario\u201d al creerse \u201cdue\u00f1o del Estado\u201d. Adem\u00e1s, y a trav\u00e9s de las redes sociales, comparte noticias y publicaciones sobre el avance de la investigaci\u00f3n contra Bego\u00f1a G\u00f3mez.<\/p>\n\n\n\n<p>El conflicto diplom\u00e1tico entre Argentina y Espa\u00f1a comenz\u00f3 a principios de este mes, cuando el ministro de Transportes espa\u00f1ol, \u00d3scar Puente, sugiri\u00f3 que Milei consume \u201csustancias\u201d. Luego se pronunci\u00f3 la ministra de Ciencia, Innovaci\u00f3n y Universidades, Diana Morant, que acus\u00f3 al mandatario argentino de representar un \u201cmodelo negacionista\u201d que \u201catenta contra la propia democracia\u201d.<\/p>\n\n\n\n<p>Varios d\u00edas despu\u00e9s, Puente reconoci\u00f3 su error. \u201cSi hubiera tenido la m\u00ednima noci\u00f3n, y ese es quiz\u00e1 mi gran error, de que iba a tener la difusi\u00f3n y la repercusi\u00f3n que ha tenido, no hubiera dicho lo que dije\u201d, plante\u00f3.<\/p>\n\n\n\n<p>Sin embargo, el presidente de Espa\u00f1a, Pedro S\u00e1nchez, justific\u00f3 la semana pasada la decisi\u00f3n de retirar a la embajadora en Buenos Aires. \u201cEs una pr\u00e1ctica de las relaciones diplom\u00e1ticas como acto de protesta formal\u201d, sostuvo en una exposici\u00f3n ante el Congreso espa\u00f1ol, y asegur\u00f3: \u201cLejos de rectificar, Milei se ratifica en el insulto\u201d.<\/p>\n\n\n\n<p>\u201cNuestro sentimiento fraternal al pueblo argentino, los que conviven con nosotros, y las relaciones econ\u00f3micas, culturales, acad\u00e9mica, van a ser siempre una prioridad para nuestro gobierno, lo ha sido desde el primer minuto. Es cierto que entre gobiernos los afectos son libres, este gobierno no tiene nada que ver con el gobierno de Milei. Los afectos son libres, pero el respeto no, es irrenunciable, y por encima de las ideolog\u00edas est\u00e1n la educaci\u00f3n y el patriotismo\u201d, plante\u00f3 el mandatario espa\u00f1ol en aquel momento.<\/p>\n\n\n\n<figure class=\"wp-block-image size-full\"><img loading=\"lazy\" decoding=\"async\" width=\"768\" height=\"512\" src=\"https:\/\/enlamira.info\/wp-content\/uploads\/2024\/05\/image-35.png\" alt=\"\" class=\"wp-image-5775\" srcset=\"https:\/\/enlamira.info\/wp-content\/uploads\/2024\/05\/image-35.png 768w, https:\/\/enlamira.info\/wp-content\/uploads\/2024\/05\/image-35-300x200.png 300w\" sizes=\"(max-width: 768px) 100vw, 768px\" \/><\/figure>\n","protected":false},"excerpt":{"rendered":"<p>Fue establecido a trav\u00e9s del real decreto 506\/2024, firmado por el Rey Felipe VI y el canciller espa\u00f1ol Jos\u00e9 Manuel Albares Bueno, publicado hoy en el Bolet\u00edn Oficial del Estado. A trav\u00e9s de un\u00a0decreto\u00a0publicado en el Bolet\u00edn Oficial del\u00a0Estado, firmado por el\u00a0Rey Felipe VI y el canciller espa\u00f1ol Jos\u00e9 Manuel Albares Bueno, el gobierno de\u00a0Pedro [&hellip;]<\/p>\n","protected":false},"author":2,"featured_media":5777,"comment_status":"open","ping_status":"open","sticky":false,"template":"","format":"standard","meta":{"footnotes":""},"categories":[20],"tags":[],"_links":{"self":[{"href":"https:\/\/enlamira.info\/index.php\/wp-json\/wp\/v2\/posts\/5773"}],"collection":[{"href":"https:\/\/enlamira.info\/index.php\/wp-json\/wp\/v2\/posts"}],"about":[{"href":"https:\/\/enlamira.info\/index.php\/wp-json\/wp\/v2\/types\/post"}],"author":[{"embeddable":true,"href":"https:\/\/enlamira.info\/index.php\/wp-json\/wp\/v2\/users\/2"}],"replies":[{"embeddable":true,"href":"https:\/\/enlamira.info\/index.php\/wp-json\/wp\/v2\/comments?post=5773"}],"version-history":[{"count":1,"href":"https:\/\/enlamira.info\/index.php\/wp-json\/wp\/v2\/posts\/5773\/revisions"}],"predecessor-version":[{"id":5776,"href":"https:\/\/enlamira.info\/index.php\/wp-json\/wp\/v2\/posts\/5773\/revisions\/5776"}],"wp:featuredmedia":[{"embeddable":true,"href":"https:\/\/enlamira.info\/index.php\/wp-json\/wp\/v2\/media\/5777"}],"wp:attachment":[{"href":"https:\/\/enlamira.info\/index.php\/wp-json\/wp\/v2\/media?parent=5773"}],"wp:term":[{"taxonomy":"category","embeddable":true,"href":"https:\/\/enlamira.info\/index.php\/wp-json\/wp\/v2\/categories?post=5773"},{"taxonomy":"post_tag","embeddable":true,"href":"https:\/\/enlamira.info\/index.php\/wp-json\/wp\/v2\/tags?post=5773"}],"curies":[{"name":"wp","href":"https:\/\/api.w.org\/{rel}","templated":true}]}}