{"id":5762,"date":"2024-05-29T18:37:00","date_gmt":"2024-05-29T21:37:00","guid":{"rendered":"https:\/\/enlamira.info\/?p=5762"},"modified":"2024-05-29T18:55:06","modified_gmt":"2024-05-29T21:55:06","slug":"la-justicia-inhibio-los-bienes-del-lider-del-polo-obrero-por-la-causa-de-extorsion-a-piqueteros","status":"publish","type":"post","link":"https:\/\/enlamira.info\/index.php\/2024\/05\/29\/la-justicia-inhibio-los-bienes-del-lider-del-polo-obrero-por-la-causa-de-extorsion-a-piqueteros\/","title":{"rendered":"La Justicia inhibi\u00f3 los bienes del l\u00edder del Polo Obrero por la causa de extorsi\u00f3n a piqueteros"},"content":{"rendered":"\n<p>El juez federal Sebasti\u00e1n Casanello, llam\u00f3 a indagatoria a Eduardo Belliboni en el marco de la investigaci\u00f3n por el desv\u00edo de fondos de planes sociales y el cobro a sus beneficiarios.<\/p>\n\n\n\n<p>En el marco de la investigaci\u00f3n contra un grupo de\u00a0dirigentes sociales\u00a0por el desv\u00edo de fondos de planes sociales y la extorsi\u00f3n a sus beneficiarios, el juez federal\u00a0Sebasti\u00e1n Casanello,\u00a0pidi\u00f3 la inhibici\u00f3n de los bienes del l\u00edder del\u00a0Polo Obrero, Eduardo Belliboni, uno de los principales involucrados en la causa.<\/p>\n\n\n\n<p>Adem\u00e1s, el magistrado solicit\u00f3 la indagatoria para el l\u00edder piquetero, para el pr\u00f3ximo 25 de junio, por los delitos de administraci\u00f3n fraudulenta de comedores y extorsi\u00f3n a beneficiarios de planes sociales. En paralelo la fiscal\u00eda, a cargo de\u00a0Gerardo Pollicita,\u00a0solicit\u00f3 el bloqueo de cuentas bancarias, tarjetas de cr\u00e9dito, billeteras virtuales y cualquier otro medio econ\u00f3mico o financiero del referente social.<\/p>\n\n\n\n<p>La causa que se inici\u00f3 a trav\u00e9s de las denuncias an\u00f3nimas en la\u00a0l\u00ednea telef\u00f3nica 134, que habilit\u00f3 el ministerio de Seguridad que comanda Patricia Bullrich, para que los beneficiarios de planes sociales puedan denunciar extorsiones y amenazas, avanza en contra de unos 48 referentes sociales de distinto color pol\u00edtico.<\/p>\n\n\n\n<p>\u201cTodas las personas que fueron escuchadas en su calidad de beneficiarias del\u00a0Potenciar Trabajo\u00a0indicaron haber accedido al beneficio a trav\u00e9s de organizaciones sociales, que actuaron como unidades de gesti\u00f3n\u201d, se\u00f1al\u00f3 el juez de la causa al respecto.<\/p>\n\n\n\n<p>Adem\u00e1s, Casanello cit\u00f3 a indagatoria a otros 23 acusados que deber\u00e1n presentarse a partir del pr\u00f3ximo 11 de junio y se extender\u00e1n hasta el 25 de ese mismo mes, cuando ser\u00e1 el turno del referente del Polo Obrero.<\/p>\n\n\n\n<p>Tras los allanamientos realizados en los domicilios de los dirigentes de distintas organizaciones sociales, el juez determin\u00f3 que hab\u00eda pruebas suficientes del desv\u00edo de fondos p\u00fablicos y de las extorsiones a las que eran sometidas las personas que percib\u00edan un plan Potenciar Trabajo, como para citar a los l\u00edderes.\u00a0\u201cEl empleo de facturaci\u00f3n ap\u00f3crifa y la simulaci\u00f3n de gastos no concretados,\u00a0al menos a trav\u00e9s de las firmas, Ediciones e Impresiones Rumbos SRL y Coxtex SA, para disfrazar el verdadero uso de una parte importante de los fondos\u201d, se\u00f1al\u00f3 el magistrado en su escrito.<\/p>\n","protected":false},"excerpt":{"rendered":"<p>El juez federal Sebasti\u00e1n Casanello, llam\u00f3 a indagatoria a Eduardo Belliboni en el marco de la investigaci\u00f3n por el desv\u00edo de fondos de planes sociales y el cobro a sus beneficiarios. En el marco de la investigaci\u00f3n contra un grupo de\u00a0dirigentes sociales\u00a0por el desv\u00edo de fondos de planes sociales y la extorsi\u00f3n a sus beneficiarios, [&hellip;]<\/p>\n","protected":false},"author":2,"featured_media":5765,"comment_status":"open","ping_status":"open","sticky":false,"template":"","format":"standard","meta":{"footnotes":""},"categories":[126],"tags":[],"_links":{"self":[{"href":"https:\/\/enlamira.info\/index.php\/wp-json\/wp\/v2\/posts\/5762"}],"collection":[{"href":"https:\/\/enlamira.info\/index.php\/wp-json\/wp\/v2\/posts"}],"about":[{"href":"https:\/\/enlamira.info\/index.php\/wp-json\/wp\/v2\/types\/post"}],"author":[{"embeddable":true,"href":"https:\/\/enlamira.info\/index.php\/wp-json\/wp\/v2\/users\/2"}],"replies":[{"embeddable":true,"href":"https:\/\/enlamira.info\/index.php\/wp-json\/wp\/v2\/comments?post=5762"}],"version-history":[{"count":1,"href":"https:\/\/enlamira.info\/index.php\/wp-json\/wp\/v2\/posts\/5762\/revisions"}],"predecessor-version":[{"id":5763,"href":"https:\/\/enlamira.info\/index.php\/wp-json\/wp\/v2\/posts\/5762\/revisions\/5763"}],"wp:featuredmedia":[{"embeddable":true,"href":"https:\/\/enlamira.info\/index.php\/wp-json\/wp\/v2\/media\/5765"}],"wp:attachment":[{"href":"https:\/\/enlamira.info\/index.php\/wp-json\/wp\/v2\/media?parent=5762"}],"wp:term":[{"taxonomy":"category","embeddable":true,"href":"https:\/\/enlamira.info\/index.php\/wp-json\/wp\/v2\/categories?post=5762"},{"taxonomy":"post_tag","embeddable":true,"href":"https:\/\/enlamira.info\/index.php\/wp-json\/wp\/v2\/tags?post=5762"}],"curies":[{"name":"wp","href":"https:\/\/api.w.org\/{rel}","templated":true}]}}